{"id":101,"date":"2018-05-16T12:38:07","date_gmt":"2018-05-16T12:38:07","guid":{"rendered":"http:\/\/www.bandopress.com\/notas-de-prensa\/?p=101"},"modified":"2018-05-16T12:38:07","modified_gmt":"2018-05-16T12:38:07","slug":"iii-quedada-motera-sierra-de-ayllon-todo-un-mundo-alrededor-de-la-moto","status":"publish","type":"post","link":"http:\/\/www.bandopress.com\/notas-de-prensa\/2018\/05\/16\/iii-quedada-motera-sierra-de-ayllon-todo-un-mundo-alrededor-de-la-moto\/","title":{"rendered":"III Quedada Motera Sierra de Ayll\u00f3n: Todo un mundo alrededor de la moto"},"content":{"rendered":"<p><strong>Los d\u00edas 19 y 20 de mayo la Asociaci\u00f3n de moteros Sierra de Ayll\u00f3n en el Nordeste de Segovia, celebra su III Quedada Motera Sierra de Ayll\u00f3n, localizando el encuentro en la Villa de Ayll\u00f3n, con m\u00faltiples actividades alrededor de este veh\u00edculo a motor.<\/strong><\/p>\n<p>La dinamizaci\u00f3n social que muestra la Villa de Ayll\u00f3n es amplia y rica hacia muchos \u00e1mbitos culturales y deportivos. Una muestra m\u00e1s es la Concentraci\u00f3n motera Sierra de Ayll\u00f3n que este a\u00f1o celebra su III Aniversario.<br \/>\nComenzaron como un grupo de amigos que quedaban los fines de semana para disfrutar de un paseo m\u00e1s o menos largo en moto, y se est\u00e1n consolidando como una de las Quedadas moteras con m\u00e1s fuerza y energ\u00eda puesta en la organizaci\u00f3n. Se cre\u00f3 la Asociaci\u00f3n de Moteros Sierra de Ayll\u00f3n, en la que participa aficionados a la moto de toda la Comarca Nordeste de Segovia.<br \/>\nLa Asociaci\u00f3n de Moteros tiene como objetivos fomentar la afici\u00f3n hacia el mundo de las motos y al deporte de motor en general, as\u00ed como dar a conocer la Villa de Ayll\u00f3n, donde se realiza el encuentro y la comarca Nordeste con su gran riqueza natural y arquitect\u00f3nica.<br \/>\nTanto el s\u00e1bado como el domingo por la ma\u00f1ana realizan rutas de libre recorrido por nuestra zona, con un m\u00e1ximo de 100 kil\u00f3metros disfrutando del entorno magn\u00edfico que rodea la Sierra de Ayll\u00f3n, y a partir de las rutas, se desarrollan el resto de actividades.<br \/>\nDurante todo el d\u00eda del s\u00e1bado habr\u00e1 una exposici\u00f3n de motos antiguas en el Atrio de la Iglesia de San Miguel, con veh\u00edculos anteriores a la Guerra Civil Espa\u00f1ola y con un cuidado y una restauraci\u00f3n excepcional.<br \/>\nTodos los participantes en la actividad, previo pago de la inscripci\u00f3n, disfrutar\u00e1n de una comida juntos, una exhibici\u00f3n de STUNT por la tarde y m\u00fasica en la Plaza Mayor por la tarde noche del s\u00e1bado.<br \/>\nEl domingo, despu\u00e9s del recorrido libre y un almuerzo en equipo, se disuelve el encuentro volviendo cada uno a sus tierras, como no, en moto.<\/p>\n<p>&nbsp;<\/p>\n","protected":false},"excerpt":{"rendered":"<div class=\"mh-excerpt\"><p>Los d\u00edas 19 y 20 de mayo la Asociaci\u00f3n de moteros Sierra de Ayll\u00f3n en el Nordeste de Segovia, celebra su III Quedada Motera Sierra <a class=\"mh-excerpt-more\" href=\"http:\/\/www.bandopress.com\/notas-de-prensa\/2018\/05\/16\/iii-quedada-motera-sierra-de-ayllon-todo-un-mundo-alrededor-de-la-moto\/\" title=\"III Quedada Motera Sierra de Ayll\u00f3n: Todo un mundo alrededor de la moto\">[&#8230;]<\/a><\/p>\n<\/div>","protected":false},"author":1,"featured_media":102,"comment_status":"closed","ping_status":"open","sticky":false,"template":"","format":"standard","meta":{"footnotes":""},"categories":[6],"tags":[],"class_list":["post-101","post","type-post","status-publish","format-standard","has-post-thumbnail","hentry","category-segovia"],"_links":{"self":[{"href":"http:\/\/www.bandopress.com\/notas-de-prensa\/wp-json\/wp\/v2\/posts\/101","targetHints":{"allow":["GET"]}}],"collection":[{"href":"http:\/\/www.bandopress.com\/notas-de-prensa\/wp-json\/wp\/v2\/posts"}],"about":[{"href":"http:\/\/www.bandopress.com\/notas-de-prensa\/wp-json\/wp\/v2\/types\/post"}],"author":[{"embeddable":true,"href":"http:\/\/www.bandopress.com\/notas-de-prensa\/wp-json\/wp\/v2\/users\/1"}],"replies":[{"embeddable":true,"href":"http:\/\/www.bandopress.com\/notas-de-prensa\/wp-json\/wp\/v2\/comments?post=101"}],"version-history":[{"count":2,"href":"http:\/\/www.bandopress.com\/notas-de-prensa\/wp-json\/wp\/v2\/posts\/101\/revisions"}],"predecessor-version":[{"id":104,"href":"http:\/\/www.bandopress.com\/notas-de-prensa\/wp-json\/wp\/v2\/posts\/101\/revisions\/104"}],"wp:featuredmedia":[{"embeddable":true,"href":"http:\/\/www.bandopress.com\/notas-de-prensa\/wp-json\/wp\/v2\/media\/102"}],"wp:attachment":[{"href":"http:\/\/www.bandopress.com\/notas-de-prensa\/wp-json\/wp\/v2\/media?parent=101"}],"wp:term":[{"taxonomy":"category","embeddable":true,"href":"http:\/\/www.bandopress.com\/notas-de-prensa\/wp-json\/wp\/v2\/categories?post=101"},{"taxonomy":"post_tag","embeddable":true,"href":"http:\/\/www.bandopress.com\/notas-de-prensa\/wp-json\/wp\/v2\/tags?post=101"}],"curies":[{"name":"wp","href":"https:\/\/api.w.org\/{rel}","templated":true}]}}