{"id":113,"date":"2018-05-25T12:49:40","date_gmt":"2018-05-25T12:49:40","guid":{"rendered":"http:\/\/www.bandopress.com\/notas-de-prensa\/?p=113"},"modified":"2018-05-25T12:49:40","modified_gmt":"2018-05-25T12:49:40","slug":"el-patrimonio-cultural-de-siguenza-en-el-ano-del-patrimonio-cultural-europeo","status":"publish","type":"post","link":"http:\/\/www.bandopress.com\/notas-de-prensa\/2018\/05\/25\/el-patrimonio-cultural-de-siguenza-en-el-ano-del-patrimonio-cultural-europeo\/","title":{"rendered":"El Patrimonio Cultural de Sig\u00fcenza, en el A\u00f1o del Patrimonio Cultural Europeo"},"content":{"rendered":"<p>Este fin de semana comienzan las actividades del Aula de Historia y Arte en Sig\u00fcenza Universitaria, con dos sesiones, una te\u00f3rica, en la Hospeder\u00eda Portacoeli (viernes, 25 de mayo, a las 20 horas) y otra pr\u00e1ctica, s\u00e1bado, 26 de mayo a las 10 horas) con visita guiada la ciudad de Sig\u00fcenza.<\/p>\n<p>Sig\u00fcenza. 23 de mayo de 2018. Este pr\u00f3ximo fin de semana, viernes y s\u00e1bado, comienzan las actividades del Aula de Historia y Arte en Sig\u00fcenza Universitaria. Bajo la direcci\u00f3n de Pilar Mart\u00ednez Taboada, cronista oficial de la ciudad de Sig\u00fcenza, la Hospeder\u00eda Portacoeli acoger\u00e1 una charla sobre el Patrimonio Cultural de Sig\u00fcenza en el A\u00f1o Del Patrimonio Cultural Europeo.<\/p>\n<p>El objetivo del A\u00f1o Europeo del Patrimonio Cultural es animar a m\u00e1s personas a descubrir y comprometerse con el patrimonio cultural europeo y a reforzar el sentimiento de pertenencia a un espacio europeo com\u00fan. El lema del a\u00f1o es: \u00abNuestro patrimonio: donde el pasado se encuentra con el futuro\u00bb.<\/p>\n<p>El a\u00f1o se traducir\u00e1 en una serie de iniciativas y eventos en toda Europa cuyo objetivo es que los ciudadanos se acerquen a su patrimonio cultural y se comprometan activamente con \u00e9l.<\/p>\n<p>Esta actividad del Aula de Historia de Sig\u00fcenza Universitaria ha obtenido el sello oficial del A\u00f1o Europeo del Patrimonio Cultural. Dirigida y expuesta por Pilar Mart\u00ednez Taboada, se desglosar\u00e1 en dos actividades, el viernes, 25 de mayo de 2018 a las 20:00 horas, habr\u00e1 una sesi\u00f3n te\u00f3rica en aula (Hospeder\u00eda Portacoeli), mientras que el s\u00e1bado, 26 de mayo de 2018, a las 10:00 horas, habr\u00e1 una sesi\u00f3n pr\u00e1ctica con visita guiada a Sig\u00fcenza.<\/p>\n<p>La unidad que organiza la iniciativa es Sig\u00fcenza UniverSItaria, de la que forman parte el Ayuntamiento de Sig\u00fcenza, Fundaci\u00f3n Ciudad de Sig\u00fcenza, Fundaci\u00f3n Mart\u00ednez G\u00f3mez-Gordo, C\u00e1tedra Fern\u00e1ndez-Galiano y Farmacia de la Catedral. Patrocinan Font Vella y la Diputaci\u00f3n de Guadalajara (C\u00e1tedra Manu Leguineche).<\/p>\n<p>El perfil de todos los cursos es para todos los p\u00fablicos, no siendo necesario ning\u00fan requisito especial. Como cada a\u00f1o, el objetivo de Sig\u00fcenza Universitaria es fomentar la vida universitaria en la ciudad y comarca aportando un mayor conocimiento de nuestro entorno local y de su relaci\u00f3n con el resto del mundo.<\/p>\n<p>M\u00e1s informaci\u00f3n:<br \/>\nAyuntamiento de Sig\u00fcenza. Prensa. 949 390 850<br \/>\nGabinete de Prensa. Javier Bravo. 606 411 053<\/p>\n","protected":false},"excerpt":{"rendered":"<div class=\"mh-excerpt\"><p>Este fin de semana comienzan las actividades del Aula de Historia y Arte en Sig\u00fcenza Universitaria, con dos sesiones, una te\u00f3rica, en la Hospeder\u00eda Portacoeli <a class=\"mh-excerpt-more\" href=\"http:\/\/www.bandopress.com\/notas-de-prensa\/2018\/05\/25\/el-patrimonio-cultural-de-siguenza-en-el-ano-del-patrimonio-cultural-europeo\/\" title=\"El Patrimonio Cultural de Sig\u00fcenza, en el A\u00f1o del Patrimonio Cultural Europeo\">[&#8230;]<\/a><\/p>\n<\/div>","protected":false},"author":1,"featured_media":114,"comment_status":"closed","ping_status":"open","sticky":false,"template":"","format":"standard","meta":{"footnotes":""},"categories":[12,18],"tags":[],"class_list":["post-113","post","type-post","status-publish","format-standard","has-post-thumbnail","hentry","category-castilla-la-mancha","category-guadalajara"],"_links":{"self":[{"href":"http:\/\/www.bandopress.com\/notas-de-prensa\/wp-json\/wp\/v2\/posts\/113","targetHints":{"allow":["GET"]}}],"collection":[{"href":"http:\/\/www.bandopress.com\/notas-de-prensa\/wp-json\/wp\/v2\/posts"}],"about":[{"href":"http:\/\/www.bandopress.com\/notas-de-prensa\/wp-json\/wp\/v2\/types\/post"}],"author":[{"embeddable":true,"href":"http:\/\/www.bandopress.com\/notas-de-prensa\/wp-json\/wp\/v2\/users\/1"}],"replies":[{"embeddable":true,"href":"http:\/\/www.bandopress.com\/notas-de-prensa\/wp-json\/wp\/v2\/comments?post=113"}],"version-history":[{"count":1,"href":"http:\/\/www.bandopress.com\/notas-de-prensa\/wp-json\/wp\/v2\/posts\/113\/revisions"}],"predecessor-version":[{"id":115,"href":"http:\/\/www.bandopress.com\/notas-de-prensa\/wp-json\/wp\/v2\/posts\/113\/revisions\/115"}],"wp:featuredmedia":[{"embeddable":true,"href":"http:\/\/www.bandopress.com\/notas-de-prensa\/wp-json\/wp\/v2\/media\/114"}],"wp:attachment":[{"href":"http:\/\/www.bandopress.com\/notas-de-prensa\/wp-json\/wp\/v2\/media?parent=113"}],"wp:term":[{"taxonomy":"category","embeddable":true,"href":"http:\/\/www.bandopress.com\/notas-de-prensa\/wp-json\/wp\/v2\/categories?post=113"},{"taxonomy":"post_tag","embeddable":true,"href":"http:\/\/www.bandopress.com\/notas-de-prensa\/wp-json\/wp\/v2\/tags?post=113"}],"curies":[{"name":"wp","href":"https:\/\/api.w.org\/{rel}","templated":true}]}}