{"id":116,"date":"2018-05-30T16:16:32","date_gmt":"2018-05-30T16:16:32","guid":{"rendered":"http:\/\/www.bandopress.com\/notas-de-prensa\/?p=116"},"modified":"2018-05-30T16:16:32","modified_gmt":"2018-05-30T16:16:32","slug":"convocado-un-concurso-escolar-sobre-el-patrimonio-cultural-de-los-arcos-de-san-juan","status":"publish","type":"post","link":"http:\/\/www.bandopress.com\/notas-de-prensa\/2018\/05\/30\/convocado-un-concurso-escolar-sobre-el-patrimonio-cultural-de-los-arcos-de-san-juan\/","title":{"rendered":"Convocado un concurso escolar sobre el Patrimonio Cultural de los &#8216;Arcos de San Juan&#8217;"},"content":{"rendered":"<p><strong>En dos modalidades y cuatro categor\u00edas, los trabajos ser\u00e1n presentados en el Centro Sociocultural El Torre\u00f3n sito en C\/ Valencia 9, 1\u00aa planta 19250 &#8211; Sig\u00fcenza, (Guadalajara), en horario de 10:00 a 13:30h. El plazo de presentaci\u00f3n estar\u00e1 comprendido entre los d\u00edas 23 de mayo al 14 de junio de 2018, ambos inclusive.<\/strong><\/p>\n<p>Sig\u00fcenza. 30 de mayo de 2018. Este a\u00f1o 2018 con motivo de la celebraci\u00f3n del A\u00f1o Europeo de Patrimonio Cultural, el Ayuntamiento de Sig\u00fcenza, junto con los Centros Educativos de la ciudad, convoca un concurso dirigido a escolares con el fin de poner en valor la tradici\u00f3n de los Arcos de San Juan, no solo como un legado del pasado si no como un recurso imprescindible para construir nuestro futuro con gran valor educativo y social, para que los ni\u00f1os y j\u00f3venes tengan un mayor conocimiento y apreciaci\u00f3n de su patrimonio, de su historia y de los valores comunes para reforzar un sentimiento de pertenencia a un espacio com\u00fan europeo.<\/p>\n<p>Considerando que el patrimonio cultural se manifiesta en muy diversos \u00e1mbitos como puedan ser el de la artesan\u00eda, la gastronom\u00eda, el folklore, historia o la m\u00fasica, el concurso consiste en realizar un trabajo, utilizando para ello cualquier expresi\u00f3n art\u00edstica, que gire en torno al tema principal de Los Arcos de San Juan, celebraci\u00f3n popular y de gran arraigo en la ciudad.<\/p>\n<p>La t\u00e9cnica de los trabajos presentados es libre, y se establecen dos modalidades, una literaria (poes\u00eda, relato corto, investigaci\u00f3n, etc\u0085) y otra art\u00edstica multidisciplinar (m\u00fasica, pintura, escultura, fotograf\u00eda, etc\u0085)<\/p>\n<p>Podr\u00e1n concurrir todos los escolares de la ciudad que lo deseen a t\u00edtulo personal, con obras originales e in\u00e9ditas. Cada concursante podr\u00e1 participar con un m\u00e1ximo de 2 trabajos, uno por modalidad. Si el soporte del trabajo elegido es en papel o similar, el tama\u00f1o m\u00e1ximo ser\u00e1 de A4.<br \/>\nLos trabajos art\u00edsticos presentados en papel u otro soporte similar llevaran por detr\u00e1s escrito los datos personales (nombre y apellidos del autor, direcci\u00f3n del mismo, c\u00f3digo postal, tel\u00e9fono y nombre y curso del colegio en el que est\u00e1 matriculado). El resto de trabajos literarios o de otras modalidades art\u00edsticas diferente a la anterior ir\u00e1n acompa\u00f1ados con su correspondiente plica, en sobre cerrado en cuyo exterior solo figurar\u00e1 el curso en el que est\u00e1 matriculado (nombre y apellidos del autor, direcci\u00f3n del mismo, c\u00f3digo postal, tel\u00e9fono y Nombre y curso del Colegio en el que est\u00e1 matriculado).<br \/>\nCada una de las modalidades estar\u00e1 dividida en cuatro categor\u00edas:<\/p>\n<p>Categor\u00eda A.- Alumnos\/as de 3\u00ba y4\u00ba de la ESO y 1\u00ba y 2\u00ba de Bachillerato.<br \/>\nCategor\u00eda B.- Alumnos\/as de 5\u00ba y 6\u00ba de E. Primaria y 1\u00ba y 2\u00ba de la ESO.<br \/>\nCategor\u00eda C.- Alumnos\/as de 1\u00ba a 4\u00ba de E. Primaria.<br \/>\nCategor\u00eda D.- Alumnos\/as de 1\u00ba a 3\u00ba de E. Infantil.<br \/>\nLos trabajos ser\u00e1n presentados en el Centro Sociocultural El Torre\u00f3n sito en C\/ Valencia 9, 1\u00aa planta 19250 &#8211; Sig\u00fcenza, (Guadalajara), en horario de 10:00 a 13:30h. El plazo de presentaci\u00f3n estar\u00e1 comprendido entre los d\u00edas 23 de mayo al 14 de junio de 2018, ambos inclusive.<br \/>\nEl jurado calificador estar\u00e1 compuesto por el alcalde de Sig\u00fcenza o concejal en el que delegue, un representante de cada centro educativo y cinco vocales (representantes de asociaciones y de artistas locales). El concurso contempla un \u00fanico premio por categor\u00eda y modalidad, estos premios est\u00e1n dotados con un vale por valor de 40 euros, canjeables por libros, material escolar en las papeler\u00edas de la ciudad. El fallo y entrega de premios se har\u00e1 p\u00fablico el d\u00eda 23 de junio de 2018 a las 23:00 horas, en la Plaza Mayor.<br \/>\nM\u00e1s informaci\u00f3n:<br \/>\nAyuntamiento de Sig\u00fcenza. Prensa. 949 390 850<br \/>\nGabinete de Prensa. Javier Bravo. 606 411 053<\/p>\n","protected":false},"excerpt":{"rendered":"<div class=\"mh-excerpt\"><p>En dos modalidades y cuatro categor\u00edas, los trabajos ser\u00e1n presentados en el Centro Sociocultural El Torre\u00f3n sito en C\/ Valencia 9, 1\u00aa planta 19250 &#8211; <a class=\"mh-excerpt-more\" href=\"http:\/\/www.bandopress.com\/notas-de-prensa\/2018\/05\/30\/convocado-un-concurso-escolar-sobre-el-patrimonio-cultural-de-los-arcos-de-san-juan\/\" title=\"Convocado un concurso escolar sobre el Patrimonio Cultural de los &#8216;Arcos de San Juan&#8217;\">[&#8230;]<\/a><\/p>\n<\/div>","protected":false},"author":1,"featured_media":117,"comment_status":"closed","ping_status":"open","sticky":false,"template":"","format":"standard","meta":{"footnotes":""},"categories":[12],"tags":[],"class_list":["post-116","post","type-post","status-publish","format-standard","has-post-thumbnail","hentry","category-castilla-la-mancha"],"_links":{"self":[{"href":"http:\/\/www.bandopress.com\/notas-de-prensa\/wp-json\/wp\/v2\/posts\/116","targetHints":{"allow":["GET"]}}],"collection":[{"href":"http:\/\/www.bandopress.com\/notas-de-prensa\/wp-json\/wp\/v2\/posts"}],"about":[{"href":"http:\/\/www.bandopress.com\/notas-de-prensa\/wp-json\/wp\/v2\/types\/post"}],"author":[{"embeddable":true,"href":"http:\/\/www.bandopress.com\/notas-de-prensa\/wp-json\/wp\/v2\/users\/1"}],"replies":[{"embeddable":true,"href":"http:\/\/www.bandopress.com\/notas-de-prensa\/wp-json\/wp\/v2\/comments?post=116"}],"version-history":[{"count":2,"href":"http:\/\/www.bandopress.com\/notas-de-prensa\/wp-json\/wp\/v2\/posts\/116\/revisions"}],"predecessor-version":[{"id":119,"href":"http:\/\/www.bandopress.com\/notas-de-prensa\/wp-json\/wp\/v2\/posts\/116\/revisions\/119"}],"wp:featuredmedia":[{"embeddable":true,"href":"http:\/\/www.bandopress.com\/notas-de-prensa\/wp-json\/wp\/v2\/media\/117"}],"wp:attachment":[{"href":"http:\/\/www.bandopress.com\/notas-de-prensa\/wp-json\/wp\/v2\/media?parent=116"}],"wp:term":[{"taxonomy":"category","embeddable":true,"href":"http:\/\/www.bandopress.com\/notas-de-prensa\/wp-json\/wp\/v2\/categories?post=116"},{"taxonomy":"post_tag","embeddable":true,"href":"http:\/\/www.bandopress.com\/notas-de-prensa\/wp-json\/wp\/v2\/tags?post=116"}],"curies":[{"name":"wp","href":"https:\/\/api.w.org\/{rel}","templated":true}]}}