{"id":133,"date":"2018-06-05T08:16:53","date_gmt":"2018-06-05T08:16:53","guid":{"rendered":"http:\/\/www.bandopress.com\/notas-de-prensa\/?p=133"},"modified":"2018-06-05T08:16:53","modified_gmt":"2018-06-05T08:16:53","slug":"el-aula-de-arte-de-siguenza-universitaria-se-dedico-al-patrimonio-cultural-de-siguenza","status":"publish","type":"post","link":"http:\/\/www.bandopress.com\/notas-de-prensa\/2018\/06\/05\/el-aula-de-arte-de-siguenza-universitaria-se-dedico-al-patrimonio-cultural-de-siguenza\/","title":{"rendered":"El Aula de Arte de Sig\u00fcenza Universitaria se dedic\u00f3 al patrimonio cultural de Sig\u00fcenza"},"content":{"rendered":"<p><strong>En dos sesiones que se celebraron en jornada de viernes 25 a las ocho de la tarde en la Hospeder\u00eda de Porta Coeli, y el s\u00e1bado 26 por la ma\u00f1ana, callejeando por el centro hist\u00f3rico seguntino. Ambas hab\u00edan obtenido el sello del A\u00f1o Europeo del Patrimonio Cultural que se celebra bajo el lema: &#8216;Nuestro patrimonio, donde el pasado se encuentra con el futuro&#8217;<\/strong><\/p>\n<p>A lo largo de la hora y media que dur\u00f3 la primera sesi\u00f3n, Pilar Mart\u00ednez Taboada, directora del Aula y cronista oficial de Sig\u00fcenza, analiz\u00f3, ilustr\u00e1ndolos con m\u00e1s de cien im\u00e1genes, los diversos tipos de patrimonio que forman parte del patrimonio cultural. La docente puso ejemplos significativos del patrimonio art\u00edstico, arquitect\u00f3nico, urban\u00edstico, arqueol\u00f3gico, documental, bibliogr\u00e1fico, etnol\u00f3gico e inmaterial de la ciudad del Doncel.<\/p>\n<p>La primera parte de su conferencia se centr\u00f3 en el patrimonio arquitect\u00f3nico. Mart\u00ednez Taboada destac\u00f3 el protagonismo que tiene en 2018 uno de sus ejemplos claves, la catedral, que celebra el 850 aniversario de su consagraci\u00f3n para el culto divino por parte del obispo Joscelmo, el 19 de junio de 1169. La ponente destac\u00f3 que en conmemoraci\u00f3n de la efem\u00e9ride, el papa Francisco ha concedido un A\u00f1o Jubilar a la catedral que se conmemorar\u00e1 no solo con diversos actos de car\u00e1cter religioso, sino con otros muchos en los que se pondr\u00e1 en valor su rico patrimonio art\u00edstico.<\/p>\n<p>Los actos culturales a celebrar con motivo del a\u00f1o Jubilar tambi\u00e9n han obtenido el sello oficial del A\u00f1o Europeo del Patrimonio Cultural. Entre ellos destacar\u00e1 la exposici\u00f3n &#8216;Fortis seguntina&#8217; en el Museo Diocesano. A trav\u00e9s de documentos y maquetas, sus visitantes podr\u00e1n conocer las primeras fases constructivas de la catedral. La exposici\u00f3n continuar\u00e1 la saga de la celebrada con motivo del A\u00f1o Greco, de la Exposici\u00f3n Atempora y de la dedicada al Cardenal Cisneros el pasado a\u00f1o. Asimismo, el Museo tiene su propio cumplea\u00f1os, puesto que en 2018 celebra su 50 aniversario.<\/p>\n<p>A lo largo del A\u00f1o Jubilar se suceder\u00e1n otros eventos trascendentes, como la inauguraci\u00f3n de la restauraci\u00f3n del Altar de Santa Librada y el Mausoleo de don Fadrique de Portugal; la inauguraci\u00f3n de la sala de las Banderas hist\u00f3ricas propiedad del Cabildo, y la inauguraci\u00f3n de la Sala de Fragua donde se expondr\u00e1 la segunda serie de tapices flamencos regalada por el obispo Andr\u00e9s Bravo de Salamanca, compuesta por ocho tapices dedicados a la &#8216;Historia de R\u00f3mulo y Remo&#8217;, que llegar\u00e1n restaurados a la ciudad gracias al esfuerzo de diferentes instituciones, p\u00fablicas y privadas, lideradas por la Fundaci\u00f3n Ciudad de Sig\u00fcenza.<br \/>\nAdem\u00e1s de referirse a todos estos pr\u00f3ximos eventos, en su disertaci\u00f3n sobre la catedral, Pilar Mart\u00ednez cit\u00f3 al que es uno de los ejemplos m\u00e1s importantes del patrimonio art\u00edstico de la ciudad, la estatua funeraria de Mart\u00edn V\u00e1zquez de Arce, el Doncel, que desde 1965 le da su nombre geotur\u00edstico a Sig\u00fcenza: ciudad del Doncel. Catedral y escultura han generado un patrimonio bibliogr\u00e1fico ampl\u00edsimo, que la que tambi\u00e9n es cronista oficial de Sig\u00fcenza tambi\u00e9n puso sobre el tapete, mostrando las portadas de m\u00e1s de cuarenta libros dedicados a ambas, editados desde finales del siglo XIX a la actualidad.<\/p>\n<p>La catedral de Sig\u00fcenza es fruto del mecenazgo de sus obispos y cabildos, y es tambi\u00e9n un ejemplo de restauraci\u00f3n, primero tras los destrozos sufridos en la Guerra Civil, y en los \u00faltimos a\u00f1os por las sucesivas campa\u00f1as restauradoras emprendidas por el IPCE (Instituto de Patrimonio Cultural Espa\u00f1ol). \u00abConocemos estos destrozos y restauraciones gracias al rico patrimonio fotogr\u00e1fico que nos ha legado, entre otros, Pedro Archilla y que a\u00f1o a a\u00f1o se enriquece con nuevos documentos gr\u00e1ficos gracias a la maestr\u00eda de Antonio L\u00f3pez Negredo\u00bb, dijo Mart\u00ednez Taboada.<\/p>\n<p>En la segunda parte de la conferencia, la docente analiz\u00f3 otros ejemplos del patrimonio arquitect\u00f3nico seguntino de todas las \u00e9pocas, y dedic\u00f3 una especial atenci\u00f3n al Castillo-fortaleza, convertido en los a\u00f1os 70 en Parador, gracias a la uni\u00f3n de muchas voluntades y al impulso del cronista provincial Francisco Layna Serrano y del entonces cronista oficial de Sig\u00fcenza, Juan Antonio Mart\u00ednez, y a la Casa del Doncel, propiedad en la actualidad de la Universidad de Alcal\u00e1. En este \u00faltimo caso, Mart\u00ednez Taboada no s\u00f3lo se refiri\u00f3 a su restauraci\u00f3n, sino tambi\u00e9n a los museos y exposiciones permanentes que en ella se encuentran como el Museo de la Vihuela y de la Guitarra de Jos\u00e9 Luis Romanillos; la exposici\u00f3n de los cuadros de la familia Santos y la exposici\u00f3n sobre la fabricaci\u00f3n de alfombras, inaugurada gracias a la cesi\u00f3n de fondos por parte de la familia Toro. Tambi\u00e9n, al hablar de la Casa del Doncel hizo referencia al patrimonio documental que se conserva en la sala dedicada al Archivo Hist\u00f3rico Municipal. Y, haciendo referencia a los documentos, hizo menci\u00f3n de la cantidad y calidad de los que se conservan en el Archivo Catedralicio y en el Archivo Diocesano.<\/p>\n<p>De patrimonio arquitect\u00f3nico, y tambi\u00e9n de patrimonio arqueol\u00f3gico, trat\u00f3 al referirse a la Iglesia de Santiago, en cuya nave central se han hallado en 2017 los vestigios de la ciudad de Sig\u00fcenza anterior al siglo XII. Mart\u00ednez Taboada ponder\u00f3 la labor de la Asociaci\u00f3n de Amigos de la Iglesia que es la impulsora de su restauraci\u00f3n y de su conversi\u00f3n en un futuro pr\u00f3ximo en Centro de Interpretaci\u00f3n del Rom\u00e1nico de la Provincia de Guadalajara. \u00abEl proyecto necesita del apoyo moral y econ\u00f3mico no solo de las Entidades locales, provinciales, auton\u00f3micas y nacionales, sino, sobre todo, de los seguntinos y amantes de la ciudad\u00bb, afirm\u00f3.<br \/>\nTambi\u00e9n habl\u00f3 sobre el patrimonio urban\u00edstico al valorar una peque\u00f1a ciudad como es Sig\u00fcenza, declarada Monumento hist\u00f3rico art\u00edstico en 1965, en la que se puede estudiar, no solo todos los estilos art\u00edsticos en sus monumentos, sino todas las etapas del desarrollo urbano de una poblaci\u00f3n durante m\u00e1s de 2000 a\u00f1os: desde sus etapas celtib\u00e9rica, romana, visigoda e isl\u00e1mica, a su centro hist\u00f3rico medieval, su ensanche renacentista, su calle monumental barroca, su barrio ilustrado de San Roque, su Alameda neocl\u00e1sica y sus barrios y chalets de los siglos XX y XXI.<br \/>\nEn la tercera parte de la conferencia la cronista abord\u00f3, en primer lugar, el patrimonio etnol\u00f3gico, buena parte del cual mantienen vivo los artesanos de la ciudad. Mart\u00ednez Taboada destac\u00f3 el caso de los boteros o del cincelador Mariano Canfranc, pasando luego a analizar la estrecha relaci\u00f3n entre el patrimonio etnol\u00f3gico en general con el patrimonio inmaterial.<\/p>\n<p>Las procesiones de Semana Santa se estudiaron como un primer ejemplo de esta simbiosis. Las propias procesiones y los trajes de los &#8216;armaos&#8217; son parte esencial del patrimonio etnol\u00f3gico. Y el ritual reci\u00e9n recobrado del Descendimiento de Cristo de la Cruz, el sonido del &#8216;paso de armao&#8217;, la m\u00fasica de las dos bandas seguntinas que acompa\u00f1an a los &#8216;pasos&#8217;, o las torrijas y la limonada que se degustan en los bares y restaurantes de la ciudad y sus alrededores son ejemplos del patrimonio inmaterial lit\u00fargico, sonoro, musical y gastron\u00f3mico. &#8216;No debemos olvidar que el patrimonio inmaterial tiene como caracter\u00edstica su propia evoluci\u00f3n a trav\u00e9s de los a\u00f1os, y sus sucesivos cambios que tenemos la obligaci\u00f3n de documentar. De ah\u00ed la importancia que en estos \u00faltimos a\u00f1os han tenido para la historia de la Cofrad\u00eda de la Vera Cruz y del Santo sepulcro la incorporaci\u00f3n a las procesiones de los &#8216;armaos em\u00e9ritos&#8217; y las &#8216;hermanas de carga&#8217;, subray\u00f3.<\/p>\n","protected":false},"excerpt":{"rendered":"<div class=\"mh-excerpt\"><p>En dos sesiones que se celebraron en jornada de viernes 25 a las ocho de la tarde en la Hospeder\u00eda de Porta Coeli, y el <a class=\"mh-excerpt-more\" href=\"http:\/\/www.bandopress.com\/notas-de-prensa\/2018\/06\/05\/el-aula-de-arte-de-siguenza-universitaria-se-dedico-al-patrimonio-cultural-de-siguenza\/\" title=\"El Aula de Arte de Sig\u00fcenza Universitaria se dedic\u00f3 al patrimonio cultural de Sig\u00fcenza\">[&#8230;]<\/a><\/p>\n<\/div>","protected":false},"author":1,"featured_media":134,"comment_status":"closed","ping_status":"open","sticky":false,"template":"","format":"standard","meta":{"footnotes":""},"categories":[12],"tags":[],"class_list":["post-133","post","type-post","status-publish","format-standard","has-post-thumbnail","hentry","category-castilla-la-mancha"],"_links":{"self":[{"href":"http:\/\/www.bandopress.com\/notas-de-prensa\/wp-json\/wp\/v2\/posts\/133","targetHints":{"allow":["GET"]}}],"collection":[{"href":"http:\/\/www.bandopress.com\/notas-de-prensa\/wp-json\/wp\/v2\/posts"}],"about":[{"href":"http:\/\/www.bandopress.com\/notas-de-prensa\/wp-json\/wp\/v2\/types\/post"}],"author":[{"embeddable":true,"href":"http:\/\/www.bandopress.com\/notas-de-prensa\/wp-json\/wp\/v2\/users\/1"}],"replies":[{"embeddable":true,"href":"http:\/\/www.bandopress.com\/notas-de-prensa\/wp-json\/wp\/v2\/comments?post=133"}],"version-history":[{"count":1,"href":"http:\/\/www.bandopress.com\/notas-de-prensa\/wp-json\/wp\/v2\/posts\/133\/revisions"}],"predecessor-version":[{"id":135,"href":"http:\/\/www.bandopress.com\/notas-de-prensa\/wp-json\/wp\/v2\/posts\/133\/revisions\/135"}],"wp:featuredmedia":[{"embeddable":true,"href":"http:\/\/www.bandopress.com\/notas-de-prensa\/wp-json\/wp\/v2\/media\/134"}],"wp:attachment":[{"href":"http:\/\/www.bandopress.com\/notas-de-prensa\/wp-json\/wp\/v2\/media?parent=133"}],"wp:term":[{"taxonomy":"category","embeddable":true,"href":"http:\/\/www.bandopress.com\/notas-de-prensa\/wp-json\/wp\/v2\/categories?post=133"},{"taxonomy":"post_tag","embeddable":true,"href":"http:\/\/www.bandopress.com\/notas-de-prensa\/wp-json\/wp\/v2\/tags?post=133"}],"curies":[{"name":"wp","href":"https:\/\/api.w.org\/{rel}","templated":true}]}}