{"id":145,"date":"2018-06-07T13:33:43","date_gmt":"2018-06-07T13:33:43","guid":{"rendered":"http:\/\/www.bandopress.com\/notas-de-prensa\/?p=145"},"modified":"2018-06-07T13:33:43","modified_gmt":"2018-06-07T13:33:43","slug":"siguenza-se-une-a-la-celebracion-del-dia-internacional-de-los-archivos","status":"publish","type":"post","link":"http:\/\/www.bandopress.com\/notas-de-prensa\/2018\/06\/07\/siguenza-se-une-a-la-celebracion-del-dia-internacional-de-los-archivos\/","title":{"rendered":"Sig\u00fcenza se une a la celebraci\u00f3n del D\u00eda Internacional de los Archivos"},"content":{"rendered":"<p><strong>Los archivos de Castilla\u0096La Mancha se unen en un exposici\u00f3n virtual conjunta, que este a\u00f1o se dedica a la Constituci\u00f3n Espa\u00f1ola de 1978, de la que se cumplen 40 a\u00f1os desde su aprobaci\u00f3n por el pueblo espa\u00f1ol. La exposici\u00f3n cuenta con un documento procedente de cada uno de los archivos participantes.<\/strong><\/p>\n<p>Con motivo de la celebraci\u00f3n del D\u00eda Internacional de los Archivos, el pr\u00f3ximo 9 de junio, los Archivos de Castilla-La Mancha han preparado una serie de actividades destinadas a mostrar al p\u00fablico gran parte de la documentaci\u00f3n que atesoran entres sus fondos , fundamental para el conocimiento de nuestra Historia.<\/p>\n<p>Este a\u00f1o el tema elegido es la Constituci\u00f3n Espa\u00f1ola de 1978, de la que se cumplen 40 a\u00f1os desde su aprobaci\u00f3n por el pueblo espa\u00f1ol.<\/p>\n<p>Para la celebraci\u00f3n de este d\u00eda (este a\u00f1o el d\u00eda 8), los archivos de la regi\u00f3n han preparado una jornada especial de puertas abiertas con: visitas guiadas, exposici\u00f3n web, exposiciones f\u00edsicas de documentos y conferencias, entre otras propuestas, relacionadas en su mayor\u00eda con este tema.<\/p>\n<p>Entre todas las actividades destaca la exposici\u00f3n \u00ab40 A\u00f1os de la Constituci\u00f3n de 1978: Su reflejo en los Archivos de Castilla-La Mancha\u00bb, en la que se hace un recorrido a trav\u00e9s de documentos de algunos de los momentos m\u00e1s importantes de la Transici\u00f3n Democr\u00e1tica, desde la muerte de Franco, la proclamaci\u00f3n de Don Juan Carlos como Rey, la aprobaci\u00f3n de la Ley de Reforma Pol\u00edtica, la legalizaci\u00f3n de los partidos pol\u00edticos, el Refer\u00e9ndum de 1978 en el que se aprob\u00f3 la Constituci\u00f3n y la posterior configuraci\u00f3n del Estado de las Autonom\u00edas, con el nacimiento de Castilla-La Mancha y los primeros momentos en la construcci\u00f3n de nuestra identidad regional. El Archivo Municipal de Sig\u00fcenza participa en esta exposici\u00f3n con dos bandos del alcalde relativos a la vista de SSMM los Reyes a Sig\u00fcenza en el mes de abril de 1978.<\/p>\n<p>La exposici\u00f3n se inaugurar\u00e1 en el Archivo Hist\u00f3rico Provincial de Toledo y posteriormente est\u00e1 prevista su itinerancia por el resto de Archivos Hist\u00f3ricos Provinciales de la regi\u00f3n.<\/p>\n<p>La exposici\u00f3n virtual se difundir\u00e1 a trav\u00e9s de la p\u00e1gina web de la Junta de Comunidades de Castilla-La Mancha y se proyectar\u00e1 en todos los archivos adheridos a esta celebraci\u00f3n.<\/p>\n<p>Actividades locales<br \/>\nAdem\u00e1s de la cesi\u00f3n temporal del documento para el com\u00fan de la exposici\u00f3n, el Archivo Municipal de Sig\u00fcenza ha convocado una jornada de puertas abiertas en Casa del Doncel de 11:00 a 14:00 horas para el mismo viernes, d\u00eda 08 de junio. Por \u00faltimo, el Archivo Municipal tiene p\u00e1gina en las ediciones mensuales del peri\u00f3dico local La Plazuela para la divulgaci\u00f3n de su trabajo. Concretamente la de este mes lleva por t\u00edtulo &#8216;Moratilla de Henares: despoblaci\u00f3n, memoria y el archivo municipal&#8217;.<\/p>\n<p>M\u00e1s informaci\u00f3n:<br \/>\nAyuntamiento de Sig\u00fcenza. Prensa. 949 390 850<br \/>\nGabinete de Prensa. Javier Bravo. 606 411 053<\/p>\n","protected":false},"excerpt":{"rendered":"<div class=\"mh-excerpt\"><p>Los archivos de Castilla\u0096La Mancha se unen en un exposici\u00f3n virtual conjunta, que este a\u00f1o se dedica a la Constituci\u00f3n Espa\u00f1ola de 1978, de la <a class=\"mh-excerpt-more\" href=\"http:\/\/www.bandopress.com\/notas-de-prensa\/2018\/06\/07\/siguenza-se-une-a-la-celebracion-del-dia-internacional-de-los-archivos\/\" title=\"Sig\u00fcenza se une a la celebraci\u00f3n del D\u00eda Internacional de los Archivos\">[&#8230;]<\/a><\/p>\n<\/div>","protected":false},"author":1,"featured_media":146,"comment_status":"closed","ping_status":"open","sticky":false,"template":"","format":"standard","meta":{"footnotes":""},"categories":[12],"tags":[],"class_list":["post-145","post","type-post","status-publish","format-standard","has-post-thumbnail","hentry","category-castilla-la-mancha"],"_links":{"self":[{"href":"http:\/\/www.bandopress.com\/notas-de-prensa\/wp-json\/wp\/v2\/posts\/145","targetHints":{"allow":["GET"]}}],"collection":[{"href":"http:\/\/www.bandopress.com\/notas-de-prensa\/wp-json\/wp\/v2\/posts"}],"about":[{"href":"http:\/\/www.bandopress.com\/notas-de-prensa\/wp-json\/wp\/v2\/types\/post"}],"author":[{"embeddable":true,"href":"http:\/\/www.bandopress.com\/notas-de-prensa\/wp-json\/wp\/v2\/users\/1"}],"replies":[{"embeddable":true,"href":"http:\/\/www.bandopress.com\/notas-de-prensa\/wp-json\/wp\/v2\/comments?post=145"}],"version-history":[{"count":1,"href":"http:\/\/www.bandopress.com\/notas-de-prensa\/wp-json\/wp\/v2\/posts\/145\/revisions"}],"predecessor-version":[{"id":147,"href":"http:\/\/www.bandopress.com\/notas-de-prensa\/wp-json\/wp\/v2\/posts\/145\/revisions\/147"}],"wp:featuredmedia":[{"embeddable":true,"href":"http:\/\/www.bandopress.com\/notas-de-prensa\/wp-json\/wp\/v2\/media\/146"}],"wp:attachment":[{"href":"http:\/\/www.bandopress.com\/notas-de-prensa\/wp-json\/wp\/v2\/media?parent=145"}],"wp:term":[{"taxonomy":"category","embeddable":true,"href":"http:\/\/www.bandopress.com\/notas-de-prensa\/wp-json\/wp\/v2\/categories?post=145"},{"taxonomy":"post_tag","embeddable":true,"href":"http:\/\/www.bandopress.com\/notas-de-prensa\/wp-json\/wp\/v2\/tags?post=145"}],"curies":[{"name":"wp","href":"https:\/\/api.w.org\/{rel}","templated":true}]}}