{"id":148,"date":"2018-06-08T10:50:34","date_gmt":"2018-06-08T10:50:34","guid":{"rendered":"http:\/\/www.bandopress.com\/notas-de-prensa\/?p=148"},"modified":"2018-06-08T10:50:34","modified_gmt":"2018-06-08T10:50:34","slug":"este-fin-de-semana-ii-festival-pantagruelico-de-cuentos-y-otras-historias-en-siguenza","status":"publish","type":"post","link":"http:\/\/www.bandopress.com\/notas-de-prensa\/2018\/06\/08\/este-fin-de-semana-ii-festival-pantagruelico-de-cuentos-y-otras-historias-en-siguenza\/","title":{"rendered":"Este fin de semana, II Festival Pantagru\u00e9lico de Cuentos y Otras Historias en Sig\u00fcenza"},"content":{"rendered":"<p>Habr\u00e1 cuentos, gui\u00f1oles, t\u00edteres y lecturas compartidas en lugares emblem\u00e1ticos de la ciudad.<\/p>\n<p>Este fin de semana llega la II Edici\u00f3n del Festival Pantagru\u00e9lico de Sig\u00fcenza. La idea parti\u00f3 de dos seguntinas, Elena del Valle Villala\u00edn e In\u00e9s Garc\u00eda Guti\u00e9rrez, que han contado con el patrocinio y colaboraci\u00f3n del Ayuntamiento de Sig\u00fcenza y de muchas empresas de la ciudad y alrededores.<\/p>\n<p>El Festival Pantagru\u00e9lico tiene como objetivo acercar al p\u00fablico, tanto infantil como adulto, la literatura en formatos diferentes: gui\u00f1ol, t\u00edteres, cuentacuentos y este a\u00f1o tambi\u00e9n con lectura participativa y voluntaria del libro &#8216;Cuentos de la selva&#8217; de Horacio Quiroga. Adem\u00e1s, en 2018, las organizadoras convocaron el I Concurso de Microrrelatos para adultos y cuentos para ni\u00f1os de 7 a 12 a\u00f1os, cuyos premios se entregar\u00e1n el domingo.<\/p>\n<p>Despu\u00e9s del \u00e9xito de participaci\u00f3n y p\u00fablico de la primera edici\u00f3n, el Festival repite su formato, incorporando algunas novedades. La belleza monumental de la ciudad de Sig\u00fcenza volver\u00e1 a realzar la de la literatura y los cuentos en cinco propuestas diferentes, concebidas como otras tantas maneras diferentes de contar historias.<\/p>\n<p>El s\u00e1bado, a partir de las 13 horas, Nuria Colorado presentar\u00e1 su gui\u00f1ol &#8216;Animales Fabulosos&#8217;, junto al templete del Parque de la Alameda. Por la tarde, en la Plazuela de la C\u00e1rcel, habr\u00e1 t\u00edteres, con Elfo Teatro, y su representaci\u00f3n de &#8216;Los siete cabritillos&#8217;.<\/p>\n<p>Y ya en la jornada del domingo, tendr\u00e1 lugar la lectura participativa voluntaria de &#8216;Cuentos de la Selva&#8217; de Horacio Quiroga, en el patio porticado del Ayuntamiento y a las 12:00 la compa\u00f1\u00eda A Cuentorropa, en la Plaza Mayor, contar\u00e1 el cuento &#8216;Eranse dos veces&#8217;. Para cerrar la II Edici\u00f3n se llevar\u00e1 a cabo la entrega de premios del concurso Cuentos y microrrelatos, amenizado por el grupo Musicuentos.<\/p>\n<p>Adem\u00e1s del Ayuntamiento, apoyan el festival Casas de la Alcarria, Gustos de Antes, Restaurante Asador El Paraiso, deSpelta, Finca R\u00edo Negro, Grupo Musicuentos, Construcciones Stostar, Farmacia La Catedral, Distribuciones Alcantara y Garc\u00eda, Restaurante Baj\u00e1, Font Vella, Cafeter\u00eda Atrio, El Colmenar de Valderromero, Qu\u00edmica Sig\u00fcenza y Librer\u00eda Rayuela. El festival tambi\u00e9n ha implicado a empresas de la provincia para dar a conocer sus productos nuevos, que en este caso ser\u00e1n la cerveza artesanal Vulturis de deSpelta y el vino blanco FRN Gew\u00fcrztraminer de Finca R\u00edo Negro que ser\u00e1n degustados en un verm\u00fa, como colof\u00f3n del festival en 2018.<\/p>\n<p>II FESTIVAL PANTAGRU\u00c9LICO DE CUENTOS Y OTRAS HISTORIAS<\/p>\n<p>S\u00e1bado 9 de Junio<\/p>\n<p>13:00 Gui\u00f1ol \u00abAnimales fabulosos\u00bb<br \/>\nNuria Colorado.<br \/>\nJunto al templete de la Alameda<\/p>\n<p>19:00 T\u00edteres \u00abLos siete cabritillos\u00bb<br \/>\nC\u00eda. Elfo Teatro<br \/>\nPlazuela de la C\u00e1rcel<\/p>\n<p>Domingo 10 de Junio<br \/>\n11:30 \u00abCuentos de la selva\u00bb Horacio Quiroga<br \/>\nLectura participativa voluntaria<br \/>\nPatio del Ayuntamiento<\/p>\n<p>12:00 Cuentacuentos \u00abErase dos veces\u00bb<br \/>\nC\u00eda. A Cuentorropa.<br \/>\nPlaza Mayor<\/p>\n<p>13:00 Entrega de premios del concurso \u00abCuentos y microrrelatos\u00bb amenizado por el grupo MUSICUENTOS. Sorteo Rifa de una cesta de libros y accesorios. Posterior verm\u00fa a cargo de cerveza artesanal Vulturis de DeSpelta, vino blanco FRN Gew\u00fcrztraminer de Finca R\u00edo Negro y agua de Font Vella<\/p>\n<p>&nbsp;<\/p>\n","protected":false},"excerpt":{"rendered":"<div class=\"mh-excerpt\"><p>Habr\u00e1 cuentos, gui\u00f1oles, t\u00edteres y lecturas compartidas en lugares emblem\u00e1ticos de la ciudad. Este fin de semana llega la II Edici\u00f3n del Festival Pantagru\u00e9lico de <a class=\"mh-excerpt-more\" href=\"http:\/\/www.bandopress.com\/notas-de-prensa\/2018\/06\/08\/este-fin-de-semana-ii-festival-pantagruelico-de-cuentos-y-otras-historias-en-siguenza\/\" title=\"Este fin de semana, II Festival Pantagru\u00e9lico de Cuentos y Otras Historias en Sig\u00fcenza\">[&#8230;]<\/a><\/p>\n<\/div>","protected":false},"author":1,"featured_media":149,"comment_status":"closed","ping_status":"open","sticky":false,"template":"","format":"standard","meta":{"footnotes":""},"categories":[12],"tags":[],"class_list":["post-148","post","type-post","status-publish","format-standard","has-post-thumbnail","hentry","category-castilla-la-mancha"],"_links":{"self":[{"href":"http:\/\/www.bandopress.com\/notas-de-prensa\/wp-json\/wp\/v2\/posts\/148","targetHints":{"allow":["GET"]}}],"collection":[{"href":"http:\/\/www.bandopress.com\/notas-de-prensa\/wp-json\/wp\/v2\/posts"}],"about":[{"href":"http:\/\/www.bandopress.com\/notas-de-prensa\/wp-json\/wp\/v2\/types\/post"}],"author":[{"embeddable":true,"href":"http:\/\/www.bandopress.com\/notas-de-prensa\/wp-json\/wp\/v2\/users\/1"}],"replies":[{"embeddable":true,"href":"http:\/\/www.bandopress.com\/notas-de-prensa\/wp-json\/wp\/v2\/comments?post=148"}],"version-history":[{"count":1,"href":"http:\/\/www.bandopress.com\/notas-de-prensa\/wp-json\/wp\/v2\/posts\/148\/revisions"}],"predecessor-version":[{"id":150,"href":"http:\/\/www.bandopress.com\/notas-de-prensa\/wp-json\/wp\/v2\/posts\/148\/revisions\/150"}],"wp:featuredmedia":[{"embeddable":true,"href":"http:\/\/www.bandopress.com\/notas-de-prensa\/wp-json\/wp\/v2\/media\/149"}],"wp:attachment":[{"href":"http:\/\/www.bandopress.com\/notas-de-prensa\/wp-json\/wp\/v2\/media?parent=148"}],"wp:term":[{"taxonomy":"category","embeddable":true,"href":"http:\/\/www.bandopress.com\/notas-de-prensa\/wp-json\/wp\/v2\/categories?post=148"},{"taxonomy":"post_tag","embeddable":true,"href":"http:\/\/www.bandopress.com\/notas-de-prensa\/wp-json\/wp\/v2\/tags?post=148"}],"curies":[{"name":"wp","href":"https:\/\/api.w.org\/{rel}","templated":true}]}}