{"id":158,"date":"2018-06-12T14:34:20","date_gmt":"2018-06-12T14:34:20","guid":{"rendered":"http:\/\/www.bandopress.com\/notas-de-prensa\/?p=158"},"modified":"2018-06-12T14:34:20","modified_gmt":"2018-06-12T14:34:20","slug":"reunion-de-directores-de-campus-de-la-uned-en-siguenza","status":"publish","type":"post","link":"http:\/\/www.bandopress.com\/notas-de-prensa\/2018\/06\/12\/reunion-de-directores-de-campus-de-la-uned-en-siguenza\/","title":{"rendered":"Reuni\u00f3n de directores de Campus de la UNED en Sig\u00fcenza"},"content":{"rendered":"<p><strong>La ciudad de Sig\u00fcenza ha acogido la reuni\u00f3n semestral de directores de Campus de la UNED. A lo largo de una intensa jornada de trabajo, los directores de los cinco Campus en que est\u00e1 dividida territorialmente la Universidad Nacional de Educaci\u00f3n a Distancia, analizaron diversos temas que afectan al conjunto de los 62 Centros Asociados ubicados en Espa\u00f1a.<\/strong><\/p>\n<p>La ciudad de Sig\u00fcenza ha acogido la reuni\u00f3n semestral de directores de Campus de la UNED. A lo largo de una intensa jornada de trabajo, los directores de los cinco Campus en que est\u00e1 dividida territorialmente la Universidad Nacional de Educaci\u00f3n a Distancia, analizaron diversos temas que afectan al conjunto de los 62 Centros Asociados ubicados en Espa\u00f1a.<\/p>\n<p>Asistieron a la reuni\u00f3n los vicerrectores de Centros Asociados, Tom\u00e1s Fern\u00e1ndez, y de Metodolog\u00eda e Innovaci\u00f3n, Ana Mar\u00eda Garc\u00eda, as\u00ed como la directora del Campus Nordeste, Ana Rosa Mart\u00edn, el director del Campus Noroeste, V\u00edctor Gonz\u00e1lez, el director del Campus Sur, Andr\u00e9s Medina, la directora del Campus de Madrid, Amelia P\u00e9rez Zabaleta, y el director del Campus Este-Centro, Jes\u00fas de Andr\u00e9s, quien actu\u00f3 como anfitri\u00f3n. La reuni\u00f3n tuvo lugar en las nuevas instalaciones del Aula de la UNED en Sig\u00fcenza, en el Centro Cultural ?El Torre\u00f3n?.<\/p>\n<p>Previamente a la celebraci\u00f3n del encuentro, los participantes en el mismo fueron recibidos en recepci\u00f3n por el alcalde de la ciudad y presidente de la Diputaci\u00f3n, Jos\u00e9 Manuel Latre, quien a su vez es vicepresidente de la Junta Rectora de la UNED en Guadalajara, y por la concejala de Cultura y Educaci\u00f3n, Sonsoles Arcones. Para la concejala de Cultura, \u0093es una gran noticia acoger este tipo de reuniones en una ciudad de clara vocaci\u00f3n universitaria\u0094.<\/p>\n<p>La UNED es la mayor universidad de Espa\u00f1a, con sus m\u00e1s de 250.000 estudiantes que cursan sus titulaciones oficiales (27 grados, 65 m\u00e1steres universitarios, 18 programas de doctorado) o sus m\u00e1s de 600 cursos de formaci\u00f3n permanente; desde la sede central y desde los centros asociados, se esfuerzan por apoyar d\u00eda a d\u00eda la meritoria marcha de sus estudiantes hacia la meta de su formaci\u00f3n.<\/p>\n","protected":false},"excerpt":{"rendered":"<div class=\"mh-excerpt\"><p>La ciudad de Sig\u00fcenza ha acogido la reuni\u00f3n semestral de directores de Campus de la UNED. A lo largo de una intensa jornada de trabajo, <a class=\"mh-excerpt-more\" href=\"http:\/\/www.bandopress.com\/notas-de-prensa\/2018\/06\/12\/reunion-de-directores-de-campus-de-la-uned-en-siguenza\/\" title=\"Reuni\u00f3n de directores de Campus de la UNED en Sig\u00fcenza\">[&#8230;]<\/a><\/p>\n<\/div>","protected":false},"author":1,"featured_media":159,"comment_status":"closed","ping_status":"open","sticky":false,"template":"","format":"standard","meta":{"footnotes":""},"categories":[12],"tags":[],"class_list":["post-158","post","type-post","status-publish","format-standard","has-post-thumbnail","hentry","category-castilla-la-mancha"],"_links":{"self":[{"href":"http:\/\/www.bandopress.com\/notas-de-prensa\/wp-json\/wp\/v2\/posts\/158","targetHints":{"allow":["GET"]}}],"collection":[{"href":"http:\/\/www.bandopress.com\/notas-de-prensa\/wp-json\/wp\/v2\/posts"}],"about":[{"href":"http:\/\/www.bandopress.com\/notas-de-prensa\/wp-json\/wp\/v2\/types\/post"}],"author":[{"embeddable":true,"href":"http:\/\/www.bandopress.com\/notas-de-prensa\/wp-json\/wp\/v2\/users\/1"}],"replies":[{"embeddable":true,"href":"http:\/\/www.bandopress.com\/notas-de-prensa\/wp-json\/wp\/v2\/comments?post=158"}],"version-history":[{"count":1,"href":"http:\/\/www.bandopress.com\/notas-de-prensa\/wp-json\/wp\/v2\/posts\/158\/revisions"}],"predecessor-version":[{"id":160,"href":"http:\/\/www.bandopress.com\/notas-de-prensa\/wp-json\/wp\/v2\/posts\/158\/revisions\/160"}],"wp:featuredmedia":[{"embeddable":true,"href":"http:\/\/www.bandopress.com\/notas-de-prensa\/wp-json\/wp\/v2\/media\/159"}],"wp:attachment":[{"href":"http:\/\/www.bandopress.com\/notas-de-prensa\/wp-json\/wp\/v2\/media?parent=158"}],"wp:term":[{"taxonomy":"category","embeddable":true,"href":"http:\/\/www.bandopress.com\/notas-de-prensa\/wp-json\/wp\/v2\/categories?post=158"},{"taxonomy":"post_tag","embeddable":true,"href":"http:\/\/www.bandopress.com\/notas-de-prensa\/wp-json\/wp\/v2\/tags?post=158"}],"curies":[{"name":"wp","href":"https:\/\/api.w.org\/{rel}","templated":true}]}}