{"id":166,"date":"2018-06-13T12:05:45","date_gmt":"2018-06-13T12:05:45","guid":{"rendered":"http:\/\/www.bandopress.com\/notas-de-prensa\/?p=166"},"modified":"2018-06-13T12:05:45","modified_gmt":"2018-06-13T12:05:45","slug":"este-sabado-concierto-extraordinario-de-primavera-a-cargo-de-la-agrupacion-cameristica-isolda","status":"publish","type":"post","link":"http:\/\/www.bandopress.com\/notas-de-prensa\/2018\/06\/13\/este-sabado-concierto-extraordinario-de-primavera-a-cargo-de-la-agrupacion-cameristica-isolda\/","title":{"rendered":"Este s\u00e1bado, concierto extraordinario de primavera a cargo de la Agrupaci\u00f3n Camer\u00edstica Isolda"},"content":{"rendered":"<p><strong>A partir de las 20 horas, en El P\u00f3sito de Sig\u00fcenza, interpretaran un programa heterog\u00e9neo, que repasa varias efem\u00e9rides musicales y que incluye obras de Alb\u00e9niz, Rimsky Korsakov o Chaikovsky<\/strong><\/p>\n<p>Este pr\u00f3ximo s\u00e1bado, d\u00eda 16 de junio, en el auditorio de El P\u00f3sito, la Agrupaci\u00f3n Camer\u00edstica Isolda va a interpretar un concierto de cl\u00e1sica, extraordinario de primavera, que preludia la programaci\u00f3n veraniega que, en este sentido, lanza cada a\u00f1o el Ayuntamiento de Sig\u00fcenza. El concierto comenzar\u00e1 a las 20 horas de la tarde, y tiene un precio de 10 euros (adultos) y 5 euros (jubilados).<\/p>\n<p>Cinco m\u00fasicos, Cristina Santacatalina (flauta), Nelly Savrova (viol\u00edn), Alison Montoya (viola), Miguel Rosell (violoncello) y Zoraida Avila (arpa) van a interpretar un programa heterog\u00e9neo, que repasa algunas efem\u00e9rides del mundo musical, como la conmemoraci\u00f3n del cuadrag\u00e9simo aniversario de la muerte de A. Jachaturian, el septuag\u00e9simo aniversario del nacimiento del m\u00fasico Federico Ruiz o los 110 a\u00f1os de la muerte de Rimsky Korsakov.<\/p>\n<p>Fundada en 1989, la Agrupaci\u00f3n Camer\u00edstica Isolda es fruto del trabajo en com\u00fan de solistas acreditados internacionalmente, lo que confiere al ensemble un gran nivel interpretativo. El resultado sonoro del grupo es atractivo y sugerente, tambi\u00e9n por la peculiaridad en la combinaci\u00f3n t\u00edmbrica: flauta travesara, tr\u00edo de cuerdas y arpa, y las diferentes combinaciones posibles de d\u00faos, tr\u00edos y cuartetos en m\u00fasica de c\u00e1mara.<\/p>\n<p>Es precisamente la singularidad en la composici\u00f3n del conjunto instrumental la raz\u00f3n por la que el repertorio escrito a prop\u00f3sito para un grupo de c\u00e1mara de estas caracter\u00edsticas, resulta singular, interesante y poco escuchado en los c\u00edrculos habituales de difusi\u00f3n musical. Esta circunstancia obliga al grupo a investigar, buscando nuevas obras, y le brinda, asimismo, la posibilidad de hacer encargos a compositores contempor\u00e1neos, participando as\u00ed activamente en la expresi\u00f3n musical de nuestros d\u00edas.<\/p>\n<p>El programa que van a interpretar en Sig\u00fcenza incluye obras de Albert Roussel, A. Jachaturi\u00e1n\/Bob Literell, P.Chaikovsky\/Bob Literell, Isaac Alb\u00e9niz, Federico Ruiz y Rimsky Korsakov. Bob Literell fue arpista y compositor, y el autor de los arreglos para quinteto de las obras de ballet de Jachaturi\u00e1n y Chaikovsky. La obra de Federico Ruiz que interpretar\u00e1 la Agrupaci\u00f3n Camer\u00edstica Isolda est\u00e1 dedicada precisamente a ellos.<\/p>\n<p>La labor del grupo ha merecido el patrocinio conjunto de RNE, y de la Comunidad de Madrid en la grabaci\u00f3n de un Disco Compacto. Entre sus actuaciones, destacan las que han ejecutado en el C\u00edrculo de Bellas Artes, en los ciclos &#8216;Los veranos de la Comunidad de Madrid&#8217; y &#8216;Heitor Villa-Lobos Alma Brasileria&#8217;, con gran \u00e9xito de cr\u00edtica y p\u00fablico.<\/p>\n<p>M\u00e1s informaci\u00f3n:<br \/>\nAyuntamiento de Sig\u00fcenza. Prensa. 949 390 850<br \/>\nGabinete de Prensa. Javier Bravo. 606 411 053<\/p>\n","protected":false},"excerpt":{"rendered":"<div class=\"mh-excerpt\"><p>A partir de las 20 horas, en El P\u00f3sito de Sig\u00fcenza, interpretaran un programa heterog\u00e9neo, que repasa varias efem\u00e9rides musicales y que incluye obras de <a class=\"mh-excerpt-more\" href=\"http:\/\/www.bandopress.com\/notas-de-prensa\/2018\/06\/13\/este-sabado-concierto-extraordinario-de-primavera-a-cargo-de-la-agrupacion-cameristica-isolda\/\" title=\"Este s\u00e1bado, concierto extraordinario de primavera a cargo de la Agrupaci\u00f3n Camer\u00edstica Isolda\">[&#8230;]<\/a><\/p>\n<\/div>","protected":false},"author":1,"featured_media":167,"comment_status":"closed","ping_status":"open","sticky":false,"template":"","format":"standard","meta":{"footnotes":""},"categories":[12],"tags":[],"class_list":["post-166","post","type-post","status-publish","format-standard","has-post-thumbnail","hentry","category-castilla-la-mancha"],"_links":{"self":[{"href":"http:\/\/www.bandopress.com\/notas-de-prensa\/wp-json\/wp\/v2\/posts\/166","targetHints":{"allow":["GET"]}}],"collection":[{"href":"http:\/\/www.bandopress.com\/notas-de-prensa\/wp-json\/wp\/v2\/posts"}],"about":[{"href":"http:\/\/www.bandopress.com\/notas-de-prensa\/wp-json\/wp\/v2\/types\/post"}],"author":[{"embeddable":true,"href":"http:\/\/www.bandopress.com\/notas-de-prensa\/wp-json\/wp\/v2\/users\/1"}],"replies":[{"embeddable":true,"href":"http:\/\/www.bandopress.com\/notas-de-prensa\/wp-json\/wp\/v2\/comments?post=166"}],"version-history":[{"count":1,"href":"http:\/\/www.bandopress.com\/notas-de-prensa\/wp-json\/wp\/v2\/posts\/166\/revisions"}],"predecessor-version":[{"id":168,"href":"http:\/\/www.bandopress.com\/notas-de-prensa\/wp-json\/wp\/v2\/posts\/166\/revisions\/168"}],"wp:featuredmedia":[{"embeddable":true,"href":"http:\/\/www.bandopress.com\/notas-de-prensa\/wp-json\/wp\/v2\/media\/167"}],"wp:attachment":[{"href":"http:\/\/www.bandopress.com\/notas-de-prensa\/wp-json\/wp\/v2\/media?parent=166"}],"wp:term":[{"taxonomy":"category","embeddable":true,"href":"http:\/\/www.bandopress.com\/notas-de-prensa\/wp-json\/wp\/v2\/categories?post=166"},{"taxonomy":"post_tag","embeddable":true,"href":"http:\/\/www.bandopress.com\/notas-de-prensa\/wp-json\/wp\/v2\/tags?post=166"}],"curies":[{"name":"wp","href":"https:\/\/api.w.org\/{rel}","templated":true}]}}