{"id":179,"date":"2018-06-22T08:48:17","date_gmt":"2018-06-22T08:48:17","guid":{"rendered":"http:\/\/www.bandopress.com\/notas-de-prensa\/?p=179"},"modified":"2018-06-22T08:48:17","modified_gmt":"2018-06-22T08:48:17","slug":"apertura-del-ano-jubilar-de-la-catedral-de-siguenza","status":"publish","type":"post","link":"http:\/\/www.bandopress.com\/notas-de-prensa\/2018\/06\/22\/apertura-del-ano-jubilar-de-la-catedral-de-siguenza\/","title":{"rendered":"Apertura del A\u00f1o Jubilar de la catedral de Sig\u00fcenza"},"content":{"rendered":"<p><strong>Con la lectura de la Bula de Concesi\u00f3n del Jubileo, por parte del de\u00e1n de la catedral, Jes\u00fas de las Heras, en una misa solemne a la que acudieron la mayor parte de los sacerdotes que ejercen su labor en Guadalajara, as\u00ed como tambi\u00e9n personalidades civiles y militares locales, provinciales, regionales y nacionales, entre las que se contaron el alcalde de Sig\u00fcenza y presidente de la Diputaci\u00f3n, Jos\u00e9 Manuel Latre, el subdelegado del Gobierno en Guadalajara o Juan Pablo S\u00e1nchez, delegado de la Junta<\/strong><\/p>\n<p>En la tarde del d\u00eda 19 de Junio, ten\u00eda lugar la apertura del A\u00f1o Jubilar de la Catedral del Sig\u00fcenza. El canto alegre de los vencejos sobrevolando la ciudad en uno de los primeros d\u00edas de calor de este final de primavera subrayaba el ta\u00f1ido de las campanas que anunciaban la ceremonia.<\/p>\n<p>Por ser 19 de junio, cientos de fieles se encaminaban hacia la Fortis Seguntina para conmemorar que, tal d\u00eda como ayer, hace 850 a\u00f1os, y como consta en documentaci\u00f3n escrita y en documentaci\u00f3n epigr\u00e1fica, el obispo Joscelmo consagr\u00f3, o dedic\u00f3 lit\u00fargicamente para el culto divino, la catedral de Sig\u00fcenza. Su construcci\u00f3n hab\u00eda comenzado tras la reconquista de Sig\u00fcenza y la restauraci\u00f3n de la di\u00f3cesis, en 1124, por parte del obispo Bernardo de Ag\u00e9n.<\/p>\n<p>La prueba epigr\u00e1fica de la consagraci\u00f3n de la catedral es un crism\u00f3n, esculpido en el dintel de la torre del Sant\u00edsimo o del Gallo, al lado de la capilla del Doncel. En esta capilla, que poco despu\u00e9s se dedic\u00f3 al santo m\u00e1rtir brit\u00e1nico del siglo XII Tom\u00e1s Becket (el obispo Joscelmo era tambi\u00e9n ingl\u00e9s), pudo tener lugar la celebraci\u00f3n de la consagraci\u00f3n de la catedral seguntina. Desde entonces, como recoge el actual y renovado \u00abLibro propio de la Misa de la di\u00f3cesis de Sig\u00fcenza-Guadalajara\u00bb (p\u00e1gina 18), se celebra la efem\u00e9ride, con rango de solemnidad en la catedral y de fiesta en el resto de la di\u00f3cesis.<\/p>\n<p>Desde ayer, con motivo de estos 850 a\u00f1os, la catedral de Sig\u00fcenza acoge y celebra A\u00f1o Jubilar desde el 19 de junio de 2018 al 19 de junio de 2019. Esto significa que los 366 d\u00edas que incluyen ambas fechas citadas del Jubileo de la catedral de Sig\u00fcenza, son d\u00edas, cada una de ellas, con posibilidad de recibir las gracias jubilares otorgadas por el Vaticano: la indulgencia plenaria.<\/p>\n<p>Muy puntual, como todo en la ciudad, a las seis de la tarde comenzaba el acto, incluido en una ceremonia religiosa, con una procesi\u00f3n inicial en la que, desde la Sacrist\u00eda de las Cabezas, desfilaron por nave catedralicia cerca de un centenar de sacerdotes de la provincia, la gran mayor\u00eda de cuantos ejercen su labor en Guadalajara. Detr\u00e1s de todos ellos, el obispo de la di\u00f3cesis de Sig\u00fcenza-Guadalajara, Atilano Rodriguez, con el incensario, con el que entroniz\u00f3 la insignia que simboliza la Catedral, antes de empezar la misa (ver procesi\u00f3n). Fue el obispo quien presidi\u00f3 la solemne eucarist\u00eda en el crucero de la catedral, llen\u00f3 de fieles para la ocasi\u00f3n. Entre ellos se contaban el alcalde de Sig\u00fcenza, y presidente de la diputaci\u00f3n, Jos\u00e9 Manuel Latre; el delegado de la Junta en Guadalajara, Alberto Rojo; el alcalde de Guadalajara, Antonio Rom\u00e1n y el subdelegado del gobierno en Guadalajara, Juan Pablo S\u00e1nchez, entre otras personalidades civiles y militares locales, provinciales, regionales y nacionales.<\/p>\n<p>El papa Francisco, a petici\u00f3n del obispo de Sig\u00fcenza-Guadalajara, Atilano Rodr\u00edguez, hab\u00eda concedido a la catedral de Sig\u00fcenza un A\u00f1o Jubilar, con ocasi\u00f3n del 850 aniversario de su consagraci\u00f3n o dedicaci\u00f3n lit\u00fargica. Se trata del primer a\u00f1o jubilar que la Santa Sede concede en la historia a la ciudad de Sig\u00fcenza y a la di\u00f3cesis. Jes\u00fas de las Heras, de\u00e1n de la catedral, dio lectura a la Bula de concesi\u00f3n del Jubileo, momento que se considera el inicio del a\u00f1o Jubilar (ver la lectura).<\/p>\n<p>A continuaci\u00f3n ten\u00eda lugar la entronizaci\u00f3n del Cirio Jubilar y de la Cruz Jubilar, ambos decorados con motivo de esta especial ocasi\u00f3n. El Jubileo de la catedral de Sig\u00fcenza tiene un logo, una imagen institucional, que ha realizado el dise\u00f1ador Carlos Arag\u00f3n, inspirado en el crism\u00f3n del dintel de la torre con el que fue consagrada la catedral de Sig\u00fcenza. La Cruz incluye la frase b\u00edblica \u00abDomus Dei, porta coeli\u00bb (G\u00e9nesis, 28, 17), que significa \u00abLa Casa de Dios es la puerta del cielo\u00bb, frase que tiene mucha resonancia en la historia de Sig\u00fcenza ya que su universidad (siglos XV a XIX) estuvo dedicada a san Antonio de Porta Coeli y este nombre es del actual colegio p\u00fablico de la ciudad y de una calle.<\/p>\n<p>Despu\u00e9s de la homil\u00eda, pronunciada por Atilano Rodriguez (ver homil\u00eda), en el Credo, como expresi\u00f3n de mayor solemnidad, se proced\u00eda a tomar la luz de Cirio Jubilar para repartirla en la Asamblea. Adem\u00e1s, el Credo se cant\u00f3 en lat\u00edn, como hace 850 a\u00f1os. En los ritos finales, se dio lectura al decreto de las indulgencias (ver lectura del decreto).<\/p>\n<p>En resumen, el beneficio espiritual del A\u00f1o Santo o Jubilar es el perd\u00f3n de los pecados. Para lograrlo, el cristiano debe alcanzar la indulgencia plenaria, viviendo activamente el Jubileo y cumpliendo las disposiciones establecidas por la Santa Sede. Como acontece siempre con las gracias jubilares y las indulgencias plenarias, tambi\u00e9n en este caso, el cristiano, el peregrino a la catedral de Sig\u00fcenza, podr\u00e1 alcanzar la indulgencia plenaria, viviendo activamente el Jubileo y cumpliendo las disposiciones establecidas por la Santa Sede.<\/p>\n<p>La belleza de los ritos la acompa\u00f1\u00f3 la m\u00fasica del gran \u00f3rgano de tubos de la catedral, que una vez m\u00e1s interpret\u00f3 sabiamente Juan Antonio Marco. Sonaron piezas como el &#8216;Te Deum&#8217;, de Charpentier, que fuera himno de Europa, como una acci\u00f3n de gracias por los 850 a\u00f1os, o el Ave Mar\u00eda de Schubert, puesto que la catedral est\u00e1 dedicada a la advocaci\u00f3n de la Virgen Mar\u00eda, y &#8216;La Misi\u00f3n&#8217;, de Enio Morricone, que \u00abinvita a seguir la labor que tantas personas han llevado antes que nosotros\u00bb, dec\u00eda el m\u00fasico. Al t\u00e9rmino de la ceremonia, el alcalde de Sig\u00fcenza afirm\u00f3 que \u00abesperamos que a lo largo de todo este a\u00f1o, atraiga a quienes quieran venir a ganar el Jubileo, y al mismo tiempo, a conocer nuestra ciudad\u00bb. Despu\u00e9s de la Apertura del A\u00f1o Jubilar, la celebraci\u00f3n se traslad\u00f3 a la inauguraci\u00f3n de la nueva sede de C\u00e1ritas Sig\u00fcenza, en la calle de El Peso, 22, que tambi\u00e9n protagoniz\u00f3 el obispo de Sig\u00fcenza.<\/p>\n<p>M\u00e1s informaci\u00f3n:<br \/>\nAyuntamiento de Sig\u00fcenza. Prensa. 949 390 850<br \/>\nGabinete de Prensa. Javier Bravo. 606 411 053<\/p>\n","protected":false},"excerpt":{"rendered":"<div class=\"mh-excerpt\"><p>Con la lectura de la Bula de Concesi\u00f3n del Jubileo, por parte del de\u00e1n de la catedral, Jes\u00fas de las Heras, en una misa solemne <a class=\"mh-excerpt-more\" href=\"http:\/\/www.bandopress.com\/notas-de-prensa\/2018\/06\/22\/apertura-del-ano-jubilar-de-la-catedral-de-siguenza\/\" title=\"Apertura del A\u00f1o Jubilar de la catedral de Sig\u00fcenza\">[&#8230;]<\/a><\/p>\n<\/div>","protected":false},"author":1,"featured_media":180,"comment_status":"closed","ping_status":"open","sticky":false,"template":"","format":"standard","meta":{"footnotes":""},"categories":[12],"tags":[],"class_list":["post-179","post","type-post","status-publish","format-standard","has-post-thumbnail","hentry","category-castilla-la-mancha"],"_links":{"self":[{"href":"http:\/\/www.bandopress.com\/notas-de-prensa\/wp-json\/wp\/v2\/posts\/179","targetHints":{"allow":["GET"]}}],"collection":[{"href":"http:\/\/www.bandopress.com\/notas-de-prensa\/wp-json\/wp\/v2\/posts"}],"about":[{"href":"http:\/\/www.bandopress.com\/notas-de-prensa\/wp-json\/wp\/v2\/types\/post"}],"author":[{"embeddable":true,"href":"http:\/\/www.bandopress.com\/notas-de-prensa\/wp-json\/wp\/v2\/users\/1"}],"replies":[{"embeddable":true,"href":"http:\/\/www.bandopress.com\/notas-de-prensa\/wp-json\/wp\/v2\/comments?post=179"}],"version-history":[{"count":1,"href":"http:\/\/www.bandopress.com\/notas-de-prensa\/wp-json\/wp\/v2\/posts\/179\/revisions"}],"predecessor-version":[{"id":181,"href":"http:\/\/www.bandopress.com\/notas-de-prensa\/wp-json\/wp\/v2\/posts\/179\/revisions\/181"}],"wp:featuredmedia":[{"embeddable":true,"href":"http:\/\/www.bandopress.com\/notas-de-prensa\/wp-json\/wp\/v2\/media\/180"}],"wp:attachment":[{"href":"http:\/\/www.bandopress.com\/notas-de-prensa\/wp-json\/wp\/v2\/media?parent=179"}],"wp:term":[{"taxonomy":"category","embeddable":true,"href":"http:\/\/www.bandopress.com\/notas-de-prensa\/wp-json\/wp\/v2\/categories?post=179"},{"taxonomy":"post_tag","embeddable":true,"href":"http:\/\/www.bandopress.com\/notas-de-prensa\/wp-json\/wp\/v2\/tags?post=179"}],"curies":[{"name":"wp","href":"https:\/\/api.w.org\/{rel}","templated":true}]}}