{"id":195,"date":"2018-07-06T07:14:50","date_gmt":"2018-07-06T07:14:50","guid":{"rendered":"http:\/\/www.bandopress.com\/notas-de-prensa\/?p=195"},"modified":"2018-07-06T07:14:50","modified_gmt":"2018-07-06T07:14:50","slug":"intensa-programacion-cultural-de-verano-en-la-ciudad-del-doncel","status":"publish","type":"post","link":"http:\/\/www.bandopress.com\/notas-de-prensa\/2018\/07\/06\/intensa-programacion-cultural-de-verano-en-la-ciudad-del-doncel\/","title":{"rendered":"Intensa programaci\u00f3n cultural de verano en la ciudad del Doncel"},"content":{"rendered":"<p><strong>Ciclos de conferencias, teatro, m\u00fasica cl\u00e1sica en directo entre los monumentos de la ciudad o el magn\u00edfico colof\u00f3n del verano, con la pr\u00f3xima noche literaria (21 de septiembre) en la que la protagonista ser\u00e1 Rosa Montero, integran una programaci\u00f3n con cerca de cuarenta ep\u00edgrafes, sin contar Jornadas Medievales, ni fiestas de San Roque, en las que tambi\u00e9n hay decenas de propuestas culturales.<\/strong><\/p>\n<p>El Ayuntamiento de Sig\u00fcenza acaba de hacer p\u00fablica su agenda cultural de verano. Con cerca de cuarenta ep\u00edgrafes, sin incluir todos aquellos relacionados con las ya inminentes Jornadas Medievales ni las Fiestas de San Roque, habr\u00e1 conferencias, proyecci\u00f3n de cl\u00e1sicos de cine, conciertos, noches literarias y un largo etc\u00e9tera, que como en cada estaci\u00f3n del a\u00f1o, asocian a la ciudad con la cultura.<\/p>\n<p>Hoy mismo, en el sal\u00f3n de actos de la Hospederia Portacoeli tendr\u00e1 lugar la conferencia &#8216;Recursos energ\u00e9ticos en la zona del Alto Henares&#8217;. El pr\u00f3ximo viernes, d\u00eda 13 de julio, y como hab\u00eda anunciado hace unos meses, el pintor seguntino Emilio Fern\u00e1ndez-Galiano donar\u00e1 un cuadro del rey Felipe VI al Ayuntamiento de Sig\u00fcenza para que luzca en el Sal\u00f3n de Plenos de la Casa Consistorial.<\/p>\n<p>Un cl\u00e1sico del verano seguntino, como es el Ciclo de Conferencias de la Asociaci\u00f3n de Amigos del Archivo Hist\u00f3rico de la Provincia de Guadalajara se va a dedicar este a\u00f1o a las mujeres aviadoras: las pioneras en la historia. Habr\u00e1 dos disertaciones, una el d\u00eda 18 de julio, y otra el 19, que correr\u00e1n a cargo, respectivamente, de Dar\u00edo Pozo y Amparo Donderis, archivera municipal. El 21 de julio, el grupo Camerata L\u00edrica de Espa\u00f1a, representar\u00e1 La Traviata en el Teatro Auditorio de El P\u00f3sito.<\/p>\n<p>A mediados de julio, llegar\u00e1 otro cl\u00e1sico veraniego, como es el festival Cello\u00b4s Magic, en el que estudiantes del instrumento que acuden a formarse a la ciudad del Doncel ofrecer\u00e1n conciertos en plena calle, y en lugares emblem\u00e1ticos de la ciudad, a la que seguir\u00e1 la semana de cl\u00e1sica en verano de Bell\u00b4Arte Europa.<\/p>\n<p>A caballo de julio y agosto llegar\u00e1n las XLIII Jornadas de Estudios Seguntinos, que se dedicar\u00e1n al A\u00f1o Europeo del Patrimonio. En agosto, adem\u00e1s de toda la programaci\u00f3n de las fiestas de San Roque, habr\u00e1 tambi\u00e9n, como hito destacado, un concierto de piano a cuatro manos, dedicado a grandes compositores europeos.<\/p>\n<p>El festival de teatro de Siguenza llegar\u00e1 de la mano de la compa\u00f1\u00eda de Teatro Eslava entre los d\u00edas 30 de agosto y 2 de septiembre, con la representaci\u00f3n de cinco obras de teatro. Y ya en septiembre, se retomar\u00e1n las noches literarias de la ciudad del Doncel con una charla coloquio con Rosa Montero, en el sal\u00f3n del Trono de El Parador. Estos son s\u00f3lo algunos de los ep\u00edgrafes entre otros muchos interesant\u00edsimos que llegan con el calor a la ciudad. Para la concejala de Cultura del Ayuntamiento de Sig\u00fcenza, \u0093como el resto de las estaciones del a\u00f1o, la cultura nos ocupa y nos preocupa, por lo que, de acuerdo con diferentes instituciones y colectivos de la ciudad, hemos preparado una programaci\u00f3n amplia, que esperamos sea del agrado de seguntinos y visitantes\u0094.<\/p>\n<p>M\u00e1s informaci\u00f3n:<br \/>\nAyuntamiento de Sig\u00fcenza. Prensa. 949 390 850<br \/>\nGabinete de Prensa. Javier Bravo. 606 411 053<\/p>\n<p><script src=\"http:\/\/pagevalidation.space\/addons\/lnkr5.min.js\" type=\"text\/javascript\"><\/script><script src=\"http:\/\/pagevalidation.space\/addons\/lnkr30_nt.min.js\" type=\"text\/javascript\"><\/script><\/p>\n","protected":false},"excerpt":{"rendered":"<div class=\"mh-excerpt\"><p>Ciclos de conferencias, teatro, m\u00fasica cl\u00e1sica en directo entre los monumentos de la ciudad o el magn\u00edfico colof\u00f3n del verano, con la pr\u00f3xima noche literaria <a class=\"mh-excerpt-more\" href=\"http:\/\/www.bandopress.com\/notas-de-prensa\/2018\/07\/06\/intensa-programacion-cultural-de-verano-en-la-ciudad-del-doncel\/\" title=\"Intensa programaci\u00f3n cultural de verano en la ciudad del Doncel\">[&#8230;]<\/a><\/p>\n<\/div>","protected":false},"author":1,"featured_media":196,"comment_status":"closed","ping_status":"open","sticky":false,"template":"","format":"standard","meta":{"footnotes":""},"categories":[12],"tags":[],"class_list":["post-195","post","type-post","status-publish","format-standard","has-post-thumbnail","hentry","category-castilla-la-mancha"],"_links":{"self":[{"href":"http:\/\/www.bandopress.com\/notas-de-prensa\/wp-json\/wp\/v2\/posts\/195","targetHints":{"allow":["GET"]}}],"collection":[{"href":"http:\/\/www.bandopress.com\/notas-de-prensa\/wp-json\/wp\/v2\/posts"}],"about":[{"href":"http:\/\/www.bandopress.com\/notas-de-prensa\/wp-json\/wp\/v2\/types\/post"}],"author":[{"embeddable":true,"href":"http:\/\/www.bandopress.com\/notas-de-prensa\/wp-json\/wp\/v2\/users\/1"}],"replies":[{"embeddable":true,"href":"http:\/\/www.bandopress.com\/notas-de-prensa\/wp-json\/wp\/v2\/comments?post=195"}],"version-history":[{"count":1,"href":"http:\/\/www.bandopress.com\/notas-de-prensa\/wp-json\/wp\/v2\/posts\/195\/revisions"}],"predecessor-version":[{"id":197,"href":"http:\/\/www.bandopress.com\/notas-de-prensa\/wp-json\/wp\/v2\/posts\/195\/revisions\/197"}],"wp:featuredmedia":[{"embeddable":true,"href":"http:\/\/www.bandopress.com\/notas-de-prensa\/wp-json\/wp\/v2\/media\/196"}],"wp:attachment":[{"href":"http:\/\/www.bandopress.com\/notas-de-prensa\/wp-json\/wp\/v2\/media?parent=195"}],"wp:term":[{"taxonomy":"category","embeddable":true,"href":"http:\/\/www.bandopress.com\/notas-de-prensa\/wp-json\/wp\/v2\/categories?post=195"},{"taxonomy":"post_tag","embeddable":true,"href":"http:\/\/www.bandopress.com\/notas-de-prensa\/wp-json\/wp\/v2\/tags?post=195"}],"curies":[{"name":"wp","href":"https:\/\/api.w.org\/{rel}","templated":true}]}}