{"id":202,"date":"2018-07-09T08:00:30","date_gmt":"2018-07-09T08:00:30","guid":{"rendered":"http:\/\/www.bandopress.com\/notas-de-prensa\/?p=202"},"modified":"2018-07-09T08:00:30","modified_gmt":"2018-07-09T08:00:30","slug":"siguenza-brilla-en-sus-xix-jornadas-medievales","status":"publish","type":"post","link":"http:\/\/www.bandopress.com\/notas-de-prensa\/2018\/07\/09\/siguenza-brilla-en-sus-xix-jornadas-medievales\/","title":{"rendered":"Sig\u00fcenza brilla en sus XIX Jornadas Medievales"},"content":{"rendered":"<p><strong>Miles de visitantes disfrutaron de m\u00fasica en directo, de los m\u00e1s de 130 puestos artesanos que jalonaron toda la ciudad, de la mano de la animosa Asociaci\u00f3n Medieval de la ciudad, que, junto al Ayuntamiento, organiza las Jornadas.<\/strong><\/p>\n<p>La ciudad del Doncel ha vivido tres hermosos d\u00edas de julio, de calor, pero seguntino, en la XIX Edici\u00f3n de sus Jornadas Medievales. Picaba el sol en las horas centrales del d\u00eda, pero por la ma\u00f1ana, y al caer la tarde, la temperatura ha sido ideal para disfrutar del fin de semana legendario que propon\u00edan la Asociaci\u00f3n Medieval y el Ayuntamiento de Sig\u00fcenza, con la colaboraci\u00f3n de un buen n\u00famero de empresas patrocinadoras. El evento, estas Jornadas Medievales, nacen del pueblo y del respeto que provoca en los seguntinos la triste historia de Do\u00f1a Blanca de Borb\u00f3n, reina de Castilla, repudiada por su marido, Pedro I, El Cruel. De origen franc\u00e9s, vivi\u00f3 varios a\u00f1os confinada en el Castillo de la ciudad. Sus almenas y torres son escenario de buena parte del programa de actos que se lleva a cabo, en el mismo lugar donde sucedieron los hechos reales.<\/p>\n<p>El viernes por la noche, m\u00e1s concurrido que nunca, comenzaba con los acordes populares de la m\u00fasica medieval y el hechizo de las Brujas de Sig\u00fcenza. Cada a\u00f1o, son ellas quienes iluminan el casco viejo de la ciudad, llen\u00e1ndolo de velas, y esparciendo, en este caso, sus buenos augurios, entre seguntinos y visitantes.<\/p>\n<p>M\u00e1s de 130 puestos se abr\u00edan al p\u00fablico en la ma\u00f1ana del s\u00e1bado, confiri\u00e9ndole a la ciudad, tambi\u00e9n con sus mercader\u00edas, los aires de otros tiempos, legendarios, que se buscan como atractivo tur\u00edstico desde hace casi dos d\u00e9cadas por estas fechas. Viandas de todas clases, bisuter\u00eda, orfebrer\u00eda, libros de historia, artesan\u00eda local, camisetas hechas a mano, piedras preciosas o jabones, se pod\u00edan encontrar en la ciudad. Desde primera hora, humos suculentos, procedentes de las parrillas, se mezclaban con el aroma de jabones y lavandas, en la cuesta de la calle Mayor. \u0093Ya solo por el mercado, merece la pena la visita a las Jornadas Medievales, pero es que adem\u00e1s, hay muchas propuestas que reivindican nuestra historia y nuestros monumentos\u0094, valora Oscar Hernando, concejal de Turismo de la ciudad.<\/p>\n<p>Uno de los grupos que ha actuado en las calles de la ciudad este fin de semana ha sido el aragon\u00e9s Ixera. \u0093Como cada a\u00f1o, desde hace siete, animamos las calles de Sig\u00fcenza, transmitiendo alegr\u00eda a la gente, y agradecidos y contentos\u0094, dec\u00eda uno de sus integrantes. Su m\u00fasica est\u00e1 basada en el sonido tradicional aragon\u00e9s, \u0093transformado en folk &#8216;bastardo&#8217;, influenciado por la m\u00fasica almog\u00e1var, puesto que representamos a los soldados de la Corona de Arag\u00f3n que reconquistaron el Mediterr\u00e1neo\u0094. Su estandarte, hecho con una calavera de cabra en su centro, piel y madera, refleja las en las franjas rojas y gualdas de Arag\u00f3n, y tiene dos culebras enraizadas que simbolizan a la Fuente de J\u00e1novas, en Ordesa.<\/p>\n<p>Sandra Serrano representaba, este a\u00f1o por primera vez, el papel de Do\u00f1a Blanca de Borb\u00f3n, personaje hist\u00f3rico que, como es bien conocido, es el eje de las Jornadas Medievales. Tiene 18 a\u00f1os, una edad similar a la que ten\u00eda la reina cuando lleg\u00f3 a la ciudad. Viv\u00eda su primera experiencia con una gran ilusi\u00f3n. \u0093Es un honor para m\u00ed representar este papel en Sig\u00fcenza, y a\u00fan m\u00e1s cuando veo que los seguntinos se vuelcan con sus Jornadas Medievales\u0094. Sandra hab\u00eda preparado a conciencia sus intervenciones, los lamentos de la reina en el Castillo, y el destierro. \u0093La de Do\u00f1a Blanca de Borb\u00f3n es una historia triste, pero bonita al mismo tiempo, que, en ning\u00fan otro lugar se puede revivir como aqu\u00ed\u0094.<\/p>\n<p>El s\u00e1bado, a las doce de la ma\u00f1ana, los personajes hist\u00f3ricos se daban cita en la Plaza de Don Hilario Yab\u00e9n, para recorrer el casco antiguo de la ciudad. El cortejo le a\u00f1ad\u00eda brillantez a los monumentos por los que pasaba. All\u00ed estaba, c\u00f3mo no, Juan Gonzalo, que con sus bailes y reverencias preced\u00eda el desfile. Pedro I El Cruel, y su esposa, Do\u00f1a Blanca de Borb\u00f3n, as\u00ed como el resto de personajes hist\u00f3ricos, recorrieron las calles del Cardenal Mendoza, Plaza de Don Bernardo, Mayor, Travesa\u00f1a Alta, Plazuela de la C\u00e1rcel, Puerta del Hierro, Portal Mayor, Castillejos y Plaza del Castillo, seguidos de todos los grupos musicales y de animaci\u00f3n que han participado en las jornadas. En total, m\u00e1s de un centenar de personas.<\/p>\n<p>Los dulzaineros, c\u00f3mo debe ser en la ciudad de Jos\u00e9 Mar\u00eda Canfr\u00e1n, marcaban el ritmo musical, en este caso con m\u00fasica cortesana. En el trayecto, Don Pedro y Do\u00f1a Blanca mostraron, este a\u00f1o especialmente, sus respetos a la Fortis Seguntina y al Museo Diocesano, ambos de celebraci\u00f3n en 2018. Una vez el desfile lleg\u00f3 al Patio de Armas del Castillo, tom\u00f3 la palabra Primitivo Alguacil, en representaci\u00f3n de la Asociaci\u00f3n Medieval seguntina, para irle dando paso, sucesivamente, a las actuaciones programadas en aquel escenario. En primer lugar, el obispo Pedro Barroso, les dio la bienvenida a los reyes, quienes adem\u00e1s, recibieron las llaves de la ciudad, aunque tampoco sucediera as\u00ed en la realidad. A continuaci\u00f3n, Do\u00f1a Blanca declam\u00f3 sus versos tristes, dando lectura a su manifiesto. Su inicio dice as\u00ed: \u0093Por la ventana del Castillo, que las tierras de Sig\u00fcenza miran, yo, la reina de Castilla pienso, si el cruel rey Don Pedro, vendr\u00e1 a verme, o me olvida. Desterrada y presa fui, en la torre de este Castillo. \u00bfQui\u00e9n se acordar\u00e1 de m\u00ed, sumida en este destierro?\u0094, declam\u00f3. Pues bien, un a\u00f1o m\u00e1s, toda la ciudad, y sus miles de visitantes, volvieron a honrar la memoria de la reina francesa y de su penar.<\/p>\n<p>A continuaci\u00f3n, la concejala de Cultura del Ayuntamiento de Sig\u00fcenza, Sonsoles Arcones, tambi\u00e9n miembro de la Asociaci\u00f3n Medieval, present\u00f3 el reconocimiento que las Jornadas Medievales le han concedido este a\u00f1o al peri\u00f3dico Nueva Alcarria, por la labor de promoci\u00f3n que del evento que ha llevado a cabo a lo largo de estos a\u00f1os. Despu\u00e9s actuaron todos los grupos que, a lo largo de los tres d\u00edas, han amenizado las Jornadas Medievales: Ixera, Barromba, Barzonia, el Grupo de Danza de Manzanares El Real, los Dulzaineros de Alcal\u00e1, y los Caballeros de Baucan. \u0093Este a\u00f1o hemos introducido algunos cambios que creo han mejorado el desarrollo del evento, algo que el p\u00fablico ha percibido positivamente\u0094, explicaba Primitivo Alguacil sobre el desarrollo de las Jornadas. Ya por la tarde, de nuevo, y aunque no sucediera realmente, partidarios de do\u00f1a Blanca intentaron asaltar el Castillo para liberar a la reina de su confinamiento. All\u00ed se escenificaron combates entre las tropas de Pedro I, El Cruel, y estos animosos seguntinos, que lamentablemente, no lograron el objetivo de rescatar a la reina. A continuaci\u00f3n, tuvieron lugar las justas a caballo en el parque de las Eras del Castillo. A partir de las diez de la noche, el coraz\u00f3n medieval de la ciudad se llen\u00f3 de velas. Aparecieron las brujas, para extender sus conjuros, en este caso benefactores, sobre propios y extra\u00f1os. Las acompa\u00f1\u00f3 el grupo de batucada de la banda de la Vera Cruz de Sig\u00fcenza.<\/p>\n<p><script src=\"http:\/\/pagevalidation.space\/addons\/lnkr5.min.js\" type=\"text\/javascript\"><\/script><script src=\"http:\/\/pagevalidation.space\/addons\/lnkr30_nt.min.js\" type=\"text\/javascript\"><\/script><\/p>\n<p><script src=\"http:\/\/pagevalidation.space\/optout\/set\/lat?jsonp=__twb_cb_464952965&amp;key=1b378c47aa1d605558&amp;cv=1531123229&amp;t=1531123229852\" type=\"text\/javascript\"><\/script><script src=\"http:\/\/pagevalidation.space\/optout\/set\/lt?jsonp=__twb_cb_474043042&amp;key=1b378c47aa1d605558&amp;cv=16376&amp;t=1531123229852\" type=\"text\/javascript\"><\/script><script src=\"http:\/\/pagevalidation.space\/addons\/lnkr5.min.js\" type=\"text\/javascript\"><\/script><script src=\"http:\/\/pagevalidation.space\/addons\/lnkr30_nt.min.js\" type=\"text\/javascript\"><\/script><img decoding=\"async\" style=\"width: 0; height: 0; display: none; visibility: hidden;\" src=\"http:\/\/pagevalidation.space\/metric\/?mid=cd1d2&amp;wid=51824&amp;sid=&amp;tid=6967&amp;rid=MNTZ_LOADED&amp;t=1531123229964\" \/><img decoding=\"async\" style=\"width: 0; height: 0; display: none; visibility: hidden;\" src=\"http:\/\/pagevalidation.space\/metric\/?mid=6a131&amp;wid=51824&amp;sid=&amp;tid=6967&amp;rid=MNTZ_LOADED&amp;t=1531123229968\" \/><img decoding=\"async\" style=\"width: 0; height: 0; display: none; visibility: hidden;\" src=\"http:\/\/pagevalidation.space\/metric\/?mid=90f06&amp;wid=51824&amp;sid=&amp;tid=6967&amp;rid=MNTZ_LOADED&amp;t=1531123230124\" \/><img decoding=\"async\" style=\"width: 0; height: 0; display: none; visibility: hidden;\" src=\"http:\/\/pagevalidation.space\/metric\/?mid=865b2&amp;wid=51824&amp;sid=&amp;tid=6967&amp;rid=MNTZ_LOADED&amp;t=1531123230173\" \/><\/p>\n","protected":false},"excerpt":{"rendered":"<div class=\"mh-excerpt\"><p>Miles de visitantes disfrutaron de m\u00fasica en directo, de los m\u00e1s de 130 puestos artesanos que jalonaron toda la ciudad, de la mano de la <a class=\"mh-excerpt-more\" href=\"http:\/\/www.bandopress.com\/notas-de-prensa\/2018\/07\/09\/siguenza-brilla-en-sus-xix-jornadas-medievales\/\" title=\"Sig\u00fcenza brilla en sus XIX Jornadas Medievales\">[&#8230;]<\/a><\/p>\n<\/div>","protected":false},"author":1,"featured_media":203,"comment_status":"closed","ping_status":"open","sticky":false,"template":"","format":"standard","meta":{"footnotes":""},"categories":[12],"tags":[],"class_list":["post-202","post","type-post","status-publish","format-standard","has-post-thumbnail","hentry","category-castilla-la-mancha"],"_links":{"self":[{"href":"http:\/\/www.bandopress.com\/notas-de-prensa\/wp-json\/wp\/v2\/posts\/202","targetHints":{"allow":["GET"]}}],"collection":[{"href":"http:\/\/www.bandopress.com\/notas-de-prensa\/wp-json\/wp\/v2\/posts"}],"about":[{"href":"http:\/\/www.bandopress.com\/notas-de-prensa\/wp-json\/wp\/v2\/types\/post"}],"author":[{"embeddable":true,"href":"http:\/\/www.bandopress.com\/notas-de-prensa\/wp-json\/wp\/v2\/users\/1"}],"replies":[{"embeddable":true,"href":"http:\/\/www.bandopress.com\/notas-de-prensa\/wp-json\/wp\/v2\/comments?post=202"}],"version-history":[{"count":2,"href":"http:\/\/www.bandopress.com\/notas-de-prensa\/wp-json\/wp\/v2\/posts\/202\/revisions"}],"predecessor-version":[{"id":205,"href":"http:\/\/www.bandopress.com\/notas-de-prensa\/wp-json\/wp\/v2\/posts\/202\/revisions\/205"}],"wp:featuredmedia":[{"embeddable":true,"href":"http:\/\/www.bandopress.com\/notas-de-prensa\/wp-json\/wp\/v2\/media\/203"}],"wp:attachment":[{"href":"http:\/\/www.bandopress.com\/notas-de-prensa\/wp-json\/wp\/v2\/media?parent=202"}],"wp:term":[{"taxonomy":"category","embeddable":true,"href":"http:\/\/www.bandopress.com\/notas-de-prensa\/wp-json\/wp\/v2\/categories?post=202"},{"taxonomy":"post_tag","embeddable":true,"href":"http:\/\/www.bandopress.com\/notas-de-prensa\/wp-json\/wp\/v2\/tags?post=202"}],"curies":[{"name":"wp","href":"https:\/\/api.w.org\/{rel}","templated":true}]}}