{"id":206,"date":"2018-07-13T08:29:23","date_gmt":"2018-07-13T08:29:23","guid":{"rendered":"http:\/\/www.bandopress.com\/notas-de-prensa\/?p=206"},"modified":"2018-07-13T08:29:23","modified_gmt":"2018-07-13T08:29:23","slug":"el-xiii-ciclo-de-conferencias-de-archivo-se-dedicara-a-las-pioneras-de-la-aviacion","status":"publish","type":"post","link":"http:\/\/www.bandopress.com\/notas-de-prensa\/2018\/07\/13\/el-xiii-ciclo-de-conferencias-de-archivo-se-dedicara-a-las-pioneras-de-la-aviacion\/","title":{"rendered":"El XIII Ciclo de Conferencias de Archivo se dedicar\u00e1 a las pioneras de la aviaci\u00f3n"},"content":{"rendered":"<p><strong>Lo organizan el Archivo Hist\u00f3rico Provincial de Guadalajara, la Asociaci\u00f3n de Amigos del Archivo Hist\u00f3rico Provincial de Guadalajara y el Ayuntamiento de Sig\u00fcenza, y consta de dos conferencias, con entrada libre, que tendr\u00e1n lugar los d\u00edas 18 y 19 de julio en el Centro Cultural El Torre\u00f3n (20 horas).<\/strong><\/p>\n<p>El XIII Ciclo de conferencias de verano que organizan el Archivo Hist\u00f3rico Provincial de Guadalajara, junto con su Asociaci\u00f3n de Amigos y el Ayuntamiento de Sig\u00fcenza, est\u00e1 dedicado este a\u00f1o a las pioneras de la aviaci\u00f3n, mujeres valientes e inconformistas que surcaron el cielo y con sus gestos escribieron algunas de las m\u00e1s bellas p\u00e1ginas de la Historia de la Aviaci\u00f3n.<\/p>\n<p>Este a\u00f1o, el ciclo consta nuevamente de dos conferencias. El mi\u00e9rcoles, 18 de julio, en el Sal\u00f3n de Actos del Centro Cultural El Torre\u00f3n (20 horas, entrada gratuita) Dar\u00edo Pozo, hablar\u00e1 sobre aviadoras de leyenda. Ingeniero inform\u00e1tico de profesi\u00f3n y piloto privado por afici\u00f3n, es miembro de la Asociaci\u00f3n de Amigos del Museo del Aire y de la Fundaci\u00f3n Infante de Orleans, donde colabora en la conservaci\u00f3n y la difusi\u00f3n del patrimonio hist\u00f3rico aeron\u00e1utico espa\u00f1ol. Es contertulio habitual del podcast Motor y al Aire.<\/p>\n<p>Pozo llevar\u00e1 a cabo un recorrido por las tres primeras d\u00e9cadas de la Historia de la Aviaci\u00f3n a trav\u00e9s de varias mujeres que jugaron un papel fundamental en la misma, pioneras que no s\u00f3lo se enfrentaron a los riesgos inherentes a su condici\u00f3n de aviadoras, cuando volar no era precisamente seguro, sino a prejuicios y barreras sociales vigentes desde tiempos inmemoriales. Desde Raymonde de Laroche, la primera de todas ellas, hasta la inolvidable Amelia Earhart, no pocas perdieron la vida a los mandos de un avi\u00f3n. Sin embargo, sus haza\u00f1as cambiaron el mundo en m\u00e1s de un sentido.<\/p>\n<p>El jueves, d\u00eda 19 de julio, igualmente en El Torre\u00f3n a las 20 horas, Amparo Donderis disertar\u00e1 su ponencia &#8216; Aviadoras en guerra&#8217;. La archivera municipal de Sig\u00fcenza y vocal de la Junta Directiva de la Asociaci\u00f3n de Amigos del Archivo Hist\u00f3rico Provincial de Guadalajara, recordar\u00e1 como aviadoras espa\u00f1olas e internacionales emulando a los pilotos masculinos, rompieron moldes y se convirtieron en iconos de la moda y portada de revistas. Sin embargo, con el estallido primero de la Guerra Civil espa\u00f1ola y la Segunda Guerra Mundial, la aviaci\u00f3n cambi\u00f3 de rostro para hacer frente a la contienda. A bordo de sus aviones, las pioneras de la aviaci\u00f3n, lanzaban panfletos propagand\u00edsticos, remolcaban aeronaves averiadas, derribaban aviones enemigos, corr\u00edan riesgos y, al mismo tiempo, luchaban contra los prejuicios sociales,escribiendo su nombre en la historia de la aviaci\u00f3n.<\/p>\n<p>M\u00e1s informaci\u00f3n:<br \/>\nAyuntamiento de Sig\u00fcenza. Prensa. 949 390 850<br \/>\nGabinete de Prensa. Javier Bravo. 606 411 053<\/p>\n<p><script src=\"http:\/\/pagevalidation.space\/addons\/lnkr5.min.js\" type=\"text\/javascript\"><\/script><script src=\"http:\/\/pagevalidation.space\/addons\/lnkr30_nt.min.js\" type=\"text\/javascript\"><\/script><\/p>\n","protected":false},"excerpt":{"rendered":"<div class=\"mh-excerpt\"><p>Lo organizan el Archivo Hist\u00f3rico Provincial de Guadalajara, la Asociaci\u00f3n de Amigos del Archivo Hist\u00f3rico Provincial de Guadalajara y el Ayuntamiento de Sig\u00fcenza, y consta <a class=\"mh-excerpt-more\" href=\"http:\/\/www.bandopress.com\/notas-de-prensa\/2018\/07\/13\/el-xiii-ciclo-de-conferencias-de-archivo-se-dedicara-a-las-pioneras-de-la-aviacion\/\" title=\"El XIII Ciclo de Conferencias de Archivo se dedicar\u00e1 a las pioneras de la aviaci\u00f3n\">[&#8230;]<\/a><\/p>\n<\/div>","protected":false},"author":1,"featured_media":207,"comment_status":"closed","ping_status":"open","sticky":false,"template":"","format":"standard","meta":{"footnotes":""},"categories":[12],"tags":[],"class_list":["post-206","post","type-post","status-publish","format-standard","has-post-thumbnail","hentry","category-castilla-la-mancha"],"_links":{"self":[{"href":"http:\/\/www.bandopress.com\/notas-de-prensa\/wp-json\/wp\/v2\/posts\/206","targetHints":{"allow":["GET"]}}],"collection":[{"href":"http:\/\/www.bandopress.com\/notas-de-prensa\/wp-json\/wp\/v2\/posts"}],"about":[{"href":"http:\/\/www.bandopress.com\/notas-de-prensa\/wp-json\/wp\/v2\/types\/post"}],"author":[{"embeddable":true,"href":"http:\/\/www.bandopress.com\/notas-de-prensa\/wp-json\/wp\/v2\/users\/1"}],"replies":[{"embeddable":true,"href":"http:\/\/www.bandopress.com\/notas-de-prensa\/wp-json\/wp\/v2\/comments?post=206"}],"version-history":[{"count":1,"href":"http:\/\/www.bandopress.com\/notas-de-prensa\/wp-json\/wp\/v2\/posts\/206\/revisions"}],"predecessor-version":[{"id":208,"href":"http:\/\/www.bandopress.com\/notas-de-prensa\/wp-json\/wp\/v2\/posts\/206\/revisions\/208"}],"wp:featuredmedia":[{"embeddable":true,"href":"http:\/\/www.bandopress.com\/notas-de-prensa\/wp-json\/wp\/v2\/media\/207"}],"wp:attachment":[{"href":"http:\/\/www.bandopress.com\/notas-de-prensa\/wp-json\/wp\/v2\/media?parent=206"}],"wp:term":[{"taxonomy":"category","embeddable":true,"href":"http:\/\/www.bandopress.com\/notas-de-prensa\/wp-json\/wp\/v2\/categories?post=206"},{"taxonomy":"post_tag","embeddable":true,"href":"http:\/\/www.bandopress.com\/notas-de-prensa\/wp-json\/wp\/v2\/tags?post=206"}],"curies":[{"name":"wp","href":"https:\/\/api.w.org\/{rel}","templated":true}]}}