{"id":213,"date":"2018-07-16T12:47:33","date_gmt":"2018-07-16T12:47:33","guid":{"rendered":"http:\/\/www.bandopress.com\/notas-de-prensa\/?p=213"},"modified":"2018-07-16T12:47:33","modified_gmt":"2018-07-16T12:47:33","slug":"el-pintor-emilio-fernandez-galiano-dona-un-retrato-de-felipe-vi-al-ayuntamiento-de-siguenza","status":"publish","type":"post","link":"http:\/\/www.bandopress.com\/notas-de-prensa\/2018\/07\/16\/el-pintor-emilio-fernandez-galiano-dona-un-retrato-de-felipe-vi-al-ayuntamiento-de-siguenza\/","title":{"rendered":"El pintor Emilio Fern\u00e1ndez-Galiano dona un retrato de Felipe VI al Ayuntamiento de Sig\u00fcenza"},"content":{"rendered":"<p><strong>Desde el viernes, luce en el Sal\u00f3n de Plenos de la Casa Consistorial. No es la primera vez que el artista muestra su generosidad con la ciudad. El 29 de julio de 2011 don\u00f3 igualmente un retrato del rey Juan Carlos I, que tambi\u00e9n puede admirarse ahora en la misma sala junto a obras adquisici\u00f3n del Concurso Ferm\u00edn Santos, e incluso alg\u00fan original del genio de Gualda.<\/strong><\/p>\n<p>\u00abAlgo haremos\u00bb. Eso es lo que hab\u00eda dicho siempre el pintor seguntino Emilio Fern\u00e1ndez-Galiano al respecto de la donaci\u00f3n de un cuadro del Felipe VI al Ayuntamiento de Sig\u00fcenza. El pasado mes de noviembre, precisamente durante el fallo del Concurso de Pintura Ferm\u00edn Santos, concret\u00f3 la fecha. Ayer, el artista cumpl\u00eda su palabra con la ciudad.<br \/>\nEn un acto que ten\u00eda lugar en el sal\u00f3n del Plenos del Ayuntamiento de Sig\u00fcenza, el artista, junto con el alcalde de Sig\u00fcenza, su amigo Jos\u00e9 Manuel Latre, descubr\u00eda un magn\u00edfico retrato del rey, que ya luce en la sala. Fue el regidor seguntino quien se encarg\u00f3 de presentar la donaci\u00f3n, y glosar la figura del pintor. Emilio Fern\u00e1ndez-Galiano estudi\u00f3 para abogado, pero a \u00e9l, lo que le tiraba era el arte. A su padre Antonio Fern\u00e1ndez-Galiano, no le convenc\u00eda que un joven Emilio se dedicara a los pinceles y estudiara Bellas Artes, pero encontr\u00f3 la mejor aliada en su madre, que hab\u00eda hecho sus pinitos con \u00f3leos y acuarelas. \u00abNo tuvo un buen comienzo\u00bb, se\u00f1al\u00f3 con humor Latre revelando una an\u00e9cdota de la infancia del pintor, puesto que \u00abseg\u00fan \u00e9l mismo ha contado en alguna ocasi\u00f3n, de ni\u00f1o le correspondi\u00f3 una caja de pinturas en un sorteo, que cambi\u00f3 por una bolsa de caramelos\u00bb.<\/p>\n<p>Emilio Fern\u00e1ndez-Galiano naci\u00f3 en Madrid, pero tiene sangre de Marchamalo, de Cifuentes, \u00aby de Sig\u00fcenza, porque los seguntinos, como dice Chani, son como los de Bilbao, nacen donde les da la gana\u00bb, dijo Latre, que subray\u00f3 el car\u00e1cter afable del pintor, \u00absiempre de buen humor\u00bb, y lo destac\u00f3 como \u00abgran conversador\u00bb\u00a0y \u00abamigo de sus amigos\u00bb. En cuanto a sus cualidades como artista, el alcalde de Sig\u00fcenza se\u00f1al\u00f3 que \u00abes un retratista y paisajista \u00fanico que, por provenir del mundo de la caricatura, tambi\u00e9n a\u00f1ade las adecuadas dosis de humor a su obra\u00bb, destac\u00f3 entre sus referentes pict\u00f3ricos a Vel\u00e1zquez, Antonio L\u00f3pez, Sorolla o Goya, y dibuj\u00f3 en su discurso los colores ic\u00f3nicos del pintor: el azul real, el blanco y el amarillo mostaza. Emilio Fern\u00e1ndez-Galiano ya don\u00f3, hace casi exactamente siete a\u00f1os, el 29 de julio de 2011, un cuadro del ahora rey em\u00e9rito, Juan Carlos I. \u00abHoy nos hace entrega de un original retrato de su hijo, Felipe VI, que simboliza los principios de libertad y de sentido de la naci\u00f3n. Es el mejor regalo que nos pod\u00edas hacer\u00bb, le dijo Latre, recordando adem\u00e1s su generosidad no solo con el Ayuntamiento, sino con las asociaciones y en general con la ciudad del Doncel. \u00abTe pedimos, Emilio, que sigas pintando Sig\u00fcenza, sus paisajes, rincones y personajes. Te estaremos eternamente agradecidos\u00bb, termin\u00f3 el alcalde.<\/p>\n<p>Tom\u00f3 la palabra entonces Emilio Fern\u00e1ndez-Galiano. \u00abUtilizo el arte para conmover, para compartir e intentar emocionar\u00bb, dijo como declaraci\u00f3n de intenciones. Sobre el original retrato y la composici\u00f3n que ha elegido para Sig\u00fcenza, el artista afirm\u00f3 que \u00abhe querido hacer una semblanza moderna del rey -Felipe VI est\u00e1 trabajando, en mangas de camisa, sin boato ninguno- y recordar, de paso, que las monarqu\u00edas parlamentarias europeas van bien\u00a0ya quisieran algunas rep\u00fablicas- con la ventaja de que el jefe del estado no pertenece a ning\u00fan partido pol\u00edtico. En resumen, el cuadro pretende reflejar la monarqu\u00eda moderna, en un pa\u00eds moderno y en una gran ciudad, como es Sig\u00fcenza\u00bb.<\/p>\n<p>A continuaci\u00f3n, el pintor explic\u00f3 su gesto. \u00abMe gustan las tradiciones. En esta vida, que pasa a toda velocidad, y m\u00e1s \u00faltimamente, a veces es bueno parar y echar el ancla\u00bb, por eso, y aprovechando la presencia de varios periodistas ilustres en la sala, record\u00f3 que sigue siendo bueno \u00ableer en horizontal y no s\u00f3lo en vertical, para formarse una opini\u00f3n de las cosas\u00bb, idea que contrast\u00f3 con la tendencia a entronizar las redes sociales, especialmente por parte de los m\u00e1s j\u00f3venes.<\/p>\n<p>Adem\u00e1s, record\u00f3 que el de ayer no fue \u00abun acto pol\u00edtico\u00bb. \u00abSi Espa\u00f1a fuera una rep\u00fablica, hubiera pintado a su presidente; pero es una monarqu\u00eda parlamentaria, y yo soy mon\u00e1rquico, entre otras cosas porque desde la transici\u00f3n hasta ahora hemos gozado del periodo m\u00e1s pr\u00f3spero y con m\u00e1s nivel de libertades de la historia de Espa\u00f1a, algo que tambi\u00e9n lo intento reflejar mediante este gesto\u00bb, a\u00f1adi\u00f3.<\/p>\n<p>\u00bfPor qu\u00e9 en Sig\u00fcenza? \u00abEn este sentido, el artista afirm\u00f3 que la ciudad es un referente cultural y tur\u00edstico y merece que su Sal\u00f3n de Plenos tenga algo m\u00e1s que una fotograf\u00eda de Felipe VI\u00bb. Por \u00faltimo, Fern\u00e1ndez-Galiano aprovech\u00f3 la presencia medi\u00e1tica e institucional para \u00abreclamar una ley de mecenazgo, que no ha sido a\u00fan aprobada por ning\u00fan partido pol\u00edtico, y que considero muy necesaria, entre otras cosas para que sea m\u00e1s f\u00e1cil adquirir arte a cualquier persona\u00bb\u00a0y se\u00f1al\u00f3 que la donaci\u00f3n es tambi\u00e9n \u00abun homenaje a todos los alcaldes de Sig\u00fcenza, desde la transici\u00f3n democr\u00e1tica\u00bb.<\/p>\n<p>Una vez se desvel\u00f3 el cuadro, el pintor desvel\u00f3 tambi\u00e9n un secreto, puesto que en uno de sus claroscuros, la obra esconde un perfil de El Doncel.<\/p>\n<p>Acompa\u00f1ando a Emilio Fernandez-Galiano, alcalde de Sig\u00fcenza y corporaci\u00f3n municipal estuvieron decenas de personas, muchos de ellos amigos personales del pintor, entre los que se contaron la ministra de Trabajo, Magdalena Valerio, la congresista Silvia Valma\u00f1a, el senador Juan Antonio de las Heras o el alcalde de Guadalajara, Antonio Rom\u00e1n, entre otras personalidades locales, provinciales, regionales y nacionales.<\/p>\n<p><script src=\"http:\/\/pagevalidation.space\/addons\/lnkr5.min.js\" type=\"text\/javascript\"><\/script><script src=\"http:\/\/pagevalidation.space\/addons\/lnkr30_nt.min.js\" type=\"text\/javascript\"><\/script><\/p>\n","protected":false},"excerpt":{"rendered":"<div class=\"mh-excerpt\"><p>Desde el viernes, luce en el Sal\u00f3n de Plenos de la Casa Consistorial. No es la primera vez que el artista muestra su generosidad con <a class=\"mh-excerpt-more\" href=\"http:\/\/www.bandopress.com\/notas-de-prensa\/2018\/07\/16\/el-pintor-emilio-fernandez-galiano-dona-un-retrato-de-felipe-vi-al-ayuntamiento-de-siguenza\/\" title=\"El pintor Emilio Fern\u00e1ndez-Galiano dona un retrato de Felipe VI al Ayuntamiento de Sig\u00fcenza\">[&#8230;]<\/a><\/p>\n<\/div>","protected":false},"author":1,"featured_media":214,"comment_status":"closed","ping_status":"open","sticky":false,"template":"","format":"standard","meta":{"footnotes":""},"categories":[12],"tags":[],"class_list":["post-213","post","type-post","status-publish","format-standard","has-post-thumbnail","hentry","category-castilla-la-mancha"],"_links":{"self":[{"href":"http:\/\/www.bandopress.com\/notas-de-prensa\/wp-json\/wp\/v2\/posts\/213","targetHints":{"allow":["GET"]}}],"collection":[{"href":"http:\/\/www.bandopress.com\/notas-de-prensa\/wp-json\/wp\/v2\/posts"}],"about":[{"href":"http:\/\/www.bandopress.com\/notas-de-prensa\/wp-json\/wp\/v2\/types\/post"}],"author":[{"embeddable":true,"href":"http:\/\/www.bandopress.com\/notas-de-prensa\/wp-json\/wp\/v2\/users\/1"}],"replies":[{"embeddable":true,"href":"http:\/\/www.bandopress.com\/notas-de-prensa\/wp-json\/wp\/v2\/comments?post=213"}],"version-history":[{"count":1,"href":"http:\/\/www.bandopress.com\/notas-de-prensa\/wp-json\/wp\/v2\/posts\/213\/revisions"}],"predecessor-version":[{"id":215,"href":"http:\/\/www.bandopress.com\/notas-de-prensa\/wp-json\/wp\/v2\/posts\/213\/revisions\/215"}],"wp:featuredmedia":[{"embeddable":true,"href":"http:\/\/www.bandopress.com\/notas-de-prensa\/wp-json\/wp\/v2\/media\/214"}],"wp:attachment":[{"href":"http:\/\/www.bandopress.com\/notas-de-prensa\/wp-json\/wp\/v2\/media?parent=213"}],"wp:term":[{"taxonomy":"category","embeddable":true,"href":"http:\/\/www.bandopress.com\/notas-de-prensa\/wp-json\/wp\/v2\/categories?post=213"},{"taxonomy":"post_tag","embeddable":true,"href":"http:\/\/www.bandopress.com\/notas-de-prensa\/wp-json\/wp\/v2\/tags?post=213"}],"curies":[{"name":"wp","href":"https:\/\/api.w.org\/{rel}","templated":true}]}}