{"id":220,"date":"2018-07-26T11:04:43","date_gmt":"2018-07-26T11:04:43","guid":{"rendered":"http:\/\/www.bandopress.com\/notas-de-prensa\/?p=220"},"modified":"2018-07-26T11:04:43","modified_gmt":"2018-07-26T11:04:43","slug":"se-acerca-fogorock-en-la-villa-de-ayllon","status":"publish","type":"post","link":"http:\/\/www.bandopress.com\/notas-de-prensa\/2018\/07\/26\/se-acerca-fogorock-en-la-villa-de-ayllon\/","title":{"rendered":"Se acerca FOGOROCK en la Villa de Ayll\u00f3n"},"content":{"rendered":"<p><strong>El festival de Rock que pretende potenciar esta m\u00fasica m\u00fasica a nivel nacional, desea consolidar la iniciativa como un evento fuerte del Nordeste de Segovia<\/strong><\/p>\n<p>El viernes 27 de julio, un grupo de j\u00f3venes de la villa de Ayll\u00f3n, con el objetivo de disfrutar de buena m\u00fasica rock, potenciar el Nordeste de Segovia y reunir a las distintas asociaciones culturales de Segovia, se han embarcado a la realizaci\u00f3n del primer FESTIVAL FOGO ROCK, que se llevar\u00e1 a cabo en las instalaciones del Campo de F\u00fatbol de Ayll\u00f3n. La iniciativa se desarrolla el d\u00eda antes de la celebraci\u00f3n de la consolidada fiesta de AYLL\u00d3N MEDIEVAL, que apoya firmemente este proyecto.<\/p>\n<p>Con un cartel de tres grupos de relevancia como son Los Porretas, La Fuga y Strenos, la iniciativa estar\u00e1 tambi\u00e9n acompa\u00f1ada de un espect\u00e1culo de fuego que divierta a los participantes. La apertura de puertas al recinto se realizar\u00e1 a las 21 horas, comenzando el primer concierto a las 23h. La log\u00edstica del festival es muy rica, mostrando su punto fuerte en la creaci\u00f3n de una red de comunicaci\u00f3n de autobuses que une a toda la comarca Nordeste de Segovia, para llevar y traer a los espectadores de los conciertos. La comarca donde se desarrolla el evento es una de las m\u00e1s desfavorecidas, despobladas y con peores servicios de comunicaci\u00f3n a nivel nacional, motivo por el cual el propio festival ha creado sus propios servicios.<\/p>\n<p>Con la dinamizaci\u00f3n de m\u00e1s de 60 asociaciones culturales, para la difusi\u00f3n del evento y la distribuci\u00f3n de entradas, esta iniciativa crea grandes lazos de uni\u00f3n entre la poblaci\u00f3n de su territorio.<\/p>\n<p>El evento, apoyado por la asociaci\u00f3n Amigos del Medievo y por el Ayuntamiento de Ayll\u00f3n, pretende buscar una solidez a lo largo de los a\u00f1os para que el festival FOGO ROCK sea en poco tiempo un referente en la m\u00fasica rock a nivel nacional.<\/p>\n","protected":false},"excerpt":{"rendered":"<div class=\"mh-excerpt\"><p>El festival de Rock que pretende potenciar esta m\u00fasica m\u00fasica a nivel nacional, desea consolidar la iniciativa como un evento fuerte del Nordeste de Segovia <a class=\"mh-excerpt-more\" href=\"http:\/\/www.bandopress.com\/notas-de-prensa\/2018\/07\/26\/se-acerca-fogorock-en-la-villa-de-ayllon\/\" title=\"Se acerca FOGOROCK en la Villa de Ayll\u00f3n\">[&#8230;]<\/a><\/p>\n<\/div>","protected":false},"author":1,"featured_media":221,"comment_status":"closed","ping_status":"open","sticky":false,"template":"","format":"standard","meta":{"footnotes":""},"categories":[6],"tags":[],"class_list":["post-220","post","type-post","status-publish","format-standard","has-post-thumbnail","hentry","category-segovia"],"_links":{"self":[{"href":"http:\/\/www.bandopress.com\/notas-de-prensa\/wp-json\/wp\/v2\/posts\/220","targetHints":{"allow":["GET"]}}],"collection":[{"href":"http:\/\/www.bandopress.com\/notas-de-prensa\/wp-json\/wp\/v2\/posts"}],"about":[{"href":"http:\/\/www.bandopress.com\/notas-de-prensa\/wp-json\/wp\/v2\/types\/post"}],"author":[{"embeddable":true,"href":"http:\/\/www.bandopress.com\/notas-de-prensa\/wp-json\/wp\/v2\/users\/1"}],"replies":[{"embeddable":true,"href":"http:\/\/www.bandopress.com\/notas-de-prensa\/wp-json\/wp\/v2\/comments?post=220"}],"version-history":[{"count":1,"href":"http:\/\/www.bandopress.com\/notas-de-prensa\/wp-json\/wp\/v2\/posts\/220\/revisions"}],"predecessor-version":[{"id":222,"href":"http:\/\/www.bandopress.com\/notas-de-prensa\/wp-json\/wp\/v2\/posts\/220\/revisions\/222"}],"wp:featuredmedia":[{"embeddable":true,"href":"http:\/\/www.bandopress.com\/notas-de-prensa\/wp-json\/wp\/v2\/media\/221"}],"wp:attachment":[{"href":"http:\/\/www.bandopress.com\/notas-de-prensa\/wp-json\/wp\/v2\/media?parent=220"}],"wp:term":[{"taxonomy":"category","embeddable":true,"href":"http:\/\/www.bandopress.com\/notas-de-prensa\/wp-json\/wp\/v2\/categories?post=220"},{"taxonomy":"post_tag","embeddable":true,"href":"http:\/\/www.bandopress.com\/notas-de-prensa\/wp-json\/wp\/v2\/tags?post=220"}],"curies":[{"name":"wp","href":"https:\/\/api.w.org\/{rel}","templated":true}]}}