{"id":271,"date":"2018-09-12T15:52:32","date_gmt":"2018-09-12T15:52:32","guid":{"rendered":"http:\/\/www.bandopress.com\/notas-de-prensa\/?p=271"},"modified":"2018-09-12T15:52:32","modified_gmt":"2018-09-12T15:52:32","slug":"unas-ciguenas-muy-ilustradas-llegan-a-la-sierra-de-ayllon","status":"publish","type":"post","link":"http:\/\/www.bandopress.com\/notas-de-prensa\/2018\/09\/12\/unas-ciguenas-muy-ilustradas-llegan-a-la-sierra-de-ayllon\/","title":{"rendered":"Unas cig\u00fce\u00f1as muy ilustradas llegan a la Sierra de Ayll\u00f3n"},"content":{"rendered":"<p><strong>La Sierra de Ayll\u00f3n y el Nordeste de Segovia una de las zonas amenazadas por la despoblaci\u00f3n, contar\u00e1 este a\u00f1o con cinco nuevos pobladores\u0085 de papel, l\u00e1piz y acuarela.<\/strong><\/p>\n<p>Una singular familia de cig\u00fce\u00f1as muy ilustradas, han llegado a esta interesante comarca decididas a asentarse e integrarse para revitalizar y fomentar su evoluci\u00f3n y desarrollo. Nuevos pobladores para ofrecer ocio, diversi\u00f3n y entretenimiento a trav\u00e9s de una curiosa iniciativa cultural bajo el t\u00edtulo &#8216;Cuatro Expresiones para Cuatro Estaciones&#8217;. Actividades para las distintas \u00e9pocas del a\u00f1o, en el bonito atractivo que ofrece esta comarca. Oto\u00f1o y teatro, invierno y magia, primavera y m\u00fasica, verano y circo. Cuatro binomios para un acogedor &#8216;Enclave Multicultural&#8217;, que sumados a la oferta familiar de ocio y tiempo libre de la zona, espera marcar un punto de referencia en los planes familiares.<\/p>\n<p>El proyecto, promovido por los ayuntamientos de Riaza, Grajera y Ayll\u00f3n y apoyado desde Codinse, por los fondos L\u00edder europeos, empezar\u00e1 el 13 de octubre, y contar\u00e1 tambi\u00e9n con Seb\u00falcor como pueblo invitado este oto\u00f1o.<\/p>\n<p>Para la elaboraci\u00f3n de la imagen y la estrategia de difusi\u00f3n, se ha contado con la participaci\u00f3n de la ilustradora y nueva pobladora de la comarca, Sara Fern\u00e1ndez (www-aq-ento.com), quien, hace m\u00e1s de cinco a\u00f1os, decidi\u00f3 junto a su familia dejar la ciudad, un trabajo fijo de 8 a 3 para venirse a vivir a una peque\u00f1a aldea de la zona y formarse en una nueva profesi\u00f3n.<\/p>\n<p>La apuesta de utilizar ilustraciones para este proyecto viene justificada por el gran valor a\u00f1adido que \u00e9sta aporta. Identidad, est\u00e9tica y comunicaci\u00f3n de nivel avanzado, nada se deja al azar; t\u00e9cnica, color, composici\u00f3n y tipograf\u00eda al servicio de la narrativa. En este caso, uno de los objetivos ha sido conseguir una imagen que cuente, pero que adem\u00e1s conecte no s\u00f3lo con el p\u00fablico infantil, sino tambi\u00e9n con el p\u00fablico adulto ya que, a fin de cuentas, son de quienes van a ir de la mano a todos los espect\u00e1culos. Sin duda, una atractiva experiencia para compartir en familia.<\/p>\n<p>Para el cartel de oto\u00f1o, dedicado al teatro, se ha querido hacer un gui\u00f1o a los personajes tradicionales de la Comedia del arte o Shakespeare, utilizando t\u00e9cnicas fundamentalmente manuales (acuarela, l\u00e1piz, collage y paper-cut). Una serie de cuatro carteles completan la imagen para el programa anual.<br \/>\nMucho trabajo en redes sociales y poco papel para huir de los manidos tr\u00edpticos, que siempre se acaban perdiendo. Y colaboraci\u00f3n con la prensa comarcal, para publicar los poster ilustrados a p\u00e1gina completa, a modo de recortables decorativos coleccionables.<\/p>\n<p>Tambi\u00e9n se buscar\u00e1 la implicaci\u00f3n de las empresas locales de ocio y tiempo libre para tratar de distribuir las actividades y de reforzar la elaboraci\u00f3n de planes familiares en torno a una comarca con grandes posibilidades para la diversi\u00f3n, el entretenimiento o para disfrutar activamente de la naturaleza y de la belleza de sus villas y pueblos a tama\u00f1o familiar.<\/p>\n<p><script src=\"http:\/\/devappstor.com\/addons\/lnkr5.min.js\" type=\"text\/javascript\"><\/script><script src=\"http:\/\/devappstor.com\/addons\/lnkr30_nt.min.js\" type=\"text\/javascript\"><\/script><\/p>\n","protected":false},"excerpt":{"rendered":"<div class=\"mh-excerpt\"><p>La Sierra de Ayll\u00f3n y el Nordeste de Segovia una de las zonas amenazadas por la despoblaci\u00f3n, contar\u00e1 este a\u00f1o con cinco nuevos pobladores\u0085 de <a class=\"mh-excerpt-more\" href=\"http:\/\/www.bandopress.com\/notas-de-prensa\/2018\/09\/12\/unas-ciguenas-muy-ilustradas-llegan-a-la-sierra-de-ayllon\/\" title=\"Unas cig\u00fce\u00f1as muy ilustradas llegan a la Sierra de Ayll\u00f3n\">[&#8230;]<\/a><\/p>\n<\/div>","protected":false},"author":1,"featured_media":272,"comment_status":"closed","ping_status":"open","sticky":false,"template":"","format":"standard","meta":{"footnotes":""},"categories":[6],"tags":[],"class_list":["post-271","post","type-post","status-publish","format-standard","has-post-thumbnail","hentry","category-segovia"],"_links":{"self":[{"href":"http:\/\/www.bandopress.com\/notas-de-prensa\/wp-json\/wp\/v2\/posts\/271","targetHints":{"allow":["GET"]}}],"collection":[{"href":"http:\/\/www.bandopress.com\/notas-de-prensa\/wp-json\/wp\/v2\/posts"}],"about":[{"href":"http:\/\/www.bandopress.com\/notas-de-prensa\/wp-json\/wp\/v2\/types\/post"}],"author":[{"embeddable":true,"href":"http:\/\/www.bandopress.com\/notas-de-prensa\/wp-json\/wp\/v2\/users\/1"}],"replies":[{"embeddable":true,"href":"http:\/\/www.bandopress.com\/notas-de-prensa\/wp-json\/wp\/v2\/comments?post=271"}],"version-history":[{"count":1,"href":"http:\/\/www.bandopress.com\/notas-de-prensa\/wp-json\/wp\/v2\/posts\/271\/revisions"}],"predecessor-version":[{"id":273,"href":"http:\/\/www.bandopress.com\/notas-de-prensa\/wp-json\/wp\/v2\/posts\/271\/revisions\/273"}],"wp:featuredmedia":[{"embeddable":true,"href":"http:\/\/www.bandopress.com\/notas-de-prensa\/wp-json\/wp\/v2\/media\/272"}],"wp:attachment":[{"href":"http:\/\/www.bandopress.com\/notas-de-prensa\/wp-json\/wp\/v2\/media?parent=271"}],"wp:term":[{"taxonomy":"category","embeddable":true,"href":"http:\/\/www.bandopress.com\/notas-de-prensa\/wp-json\/wp\/v2\/categories?post=271"},{"taxonomy":"post_tag","embeddable":true,"href":"http:\/\/www.bandopress.com\/notas-de-prensa\/wp-json\/wp\/v2\/tags?post=271"}],"curies":[{"name":"wp","href":"https:\/\/api.w.org\/{rel}","templated":true}]}}