{"id":275,"date":"2018-09-13T15:50:08","date_gmt":"2018-09-13T15:50:08","guid":{"rendered":"http:\/\/www.bandopress.com\/notas-de-prensa\/?p=275"},"modified":"2018-09-13T15:50:08","modified_gmt":"2018-09-13T15:50:08","slug":"rosa-montero-protagonista-de-la-primera-noche-literaria-seguntina-del-otono","status":"publish","type":"post","link":"http:\/\/www.bandopress.com\/notas-de-prensa\/2018\/09\/13\/rosa-montero-protagonista-de-la-primera-noche-literaria-seguntina-del-otono\/","title":{"rendered":"Rosa Montero, protagonista de la primera noche literaria seguntina del oto\u00f1o"},"content":{"rendered":"<p><strong>La iniciativa tiene un formato abierto al p\u00fablico, de manera que los seguidores del escritor o escritora protagonista pueden escuchar y participar en una tertulia literaria y conocerlo personalmente despu\u00e9s en una firma de libros. La cita con Rosa Montero tendr\u00e1 lugar el viernes, d\u00eda 21 de septiembre, en el Sal\u00f3n del Trono del Parador (20 horas), en la que es una iniciativa del Ayuntamiento de Sig\u00fcenza y Paradores.<\/strong><\/p>\n<p>El viernes, 21 de septiembre, el Ayuntamiento de Sig\u00fcenza y Paradores convocan la s\u00e9ptima noche literaria del a\u00f1o 2018. En esta ocasi\u00f3n la protagonista ser\u00e1 la periodista y escritora Rosa Montero, Premio Nacional de Las Letras 2017.<\/p>\n<p>La tertulia literaria tendr\u00e1 lugar en el Sal\u00f3n del Trono del Parador, a partir de las 20 horas de la tarde. En su primera parte, como cada una de las anteriores, tendr\u00e1 un formato abierto a la ciudad, con entrada libre, para que cualquier persona interesada en la obra de la escritora pueda participar. Adem\u00e1s, e igualmente en formato abierto, habr\u00e1 espacio para la firma de libros al t\u00e9rmino de la conversaci\u00f3n. Posteriormente, el Parador de Sig\u00fcenza dar\u00e1 continuidad a la velada con una propuesta de restauraci\u00f3n.<\/p>\n<p>Rosa Montero naci\u00f3 en Madrid en 1951. Es titulada en periodismo en la Escuela Superior de Periodismo de Madrid. Desde 1970 colabor\u00f3 con diversos medios informativos (Fotogramas, Pueblo, Posible, Hermano Lobo) y desde 1977 trabaja para el diario El Pa\u00eds, en el que fue redactora-jefa del suplemento dominical en 1980-1981.<\/p>\n<p>Sus textos period\u00edsticos aparecen de forma habitual en diversos peri\u00f3dicos latinoamericanos. Ha escrito con regularidad para diarios como Clar\u00edn (Argentina) o El Mercurio (Chile), y ha colaborado en medios como Stern (Alemania), Lib\u00e9ration (Francia), La Montagne (Francia) o The Guardian (Reino Unido).<\/p>\n<p>A lo largo de su vida ha hecho m\u00e1s de 2000 entrevistas (al Ayatol\u00e1 Jomeini, Yassir Arafat, Olof Palme, Indira Gandhi, Richard Nixon, Julio Cort\u00e1zar o Malala, entre muchos otros) y su t\u00e9cnica como entrevistadora es estudiada en las universidades de periodismo tanto en Espa\u00f1a como en Latinoam\u00e9rica.<\/p>\n<p>En 1978 gan\u00f3 el Premio Mundo de Entrevistas, en 1980 el Premio Nacional de Periodismo Literario y en 2005 el Premio de la Asociaci\u00f3n de la Prensa de Madrid a toda una vida profesional, entre otros galardones profesionales.<\/p>\n<p>Ha publicado las novelas: Cr\u00f3nica del desamor (1979), La funci\u00f3n Delta (1981), Te tratar\u00e9 como a una reina (1983), Amado Amo (1988), Temblor (1990), Bella y Oscura (1993), La hija del can\u00edbal ( Premio Primavera de Novela en 1997 y premio C\u00edrculo de Cr\u00edticos de Chile 1997), El coraz\u00f3n del T\u00e1rtaro (2001), La Loca de la casa (2003), Premio Qu\u00e9 Leer 2004 al mejor libro del a\u00f1o, Premio Grinzane Cavour al mejor libro extranjero publicado en Italia en el 2005, Premio \u0093Roman Primeur\u0094 de Saint-Emilion, Francia (2006); Historia del rey transparente (2005), Premio Qu\u00e9 Leer 2005 al mejor libro del a\u00f1o, y Premio Mandarache 2007; Instrucciones para salvar el mundo (2008), Premio de los Lectores del Festival de Literaturas Europeas de Cognac (Francia, 2011); L\u00e1grimas en la lluvia (marzo 2011), L\u00e1grimas en la lluvia. C\u00f3mic (octubre 2011), Premio al Mejor C\u00f3mic 2011 por votaci\u00f3n popular (Sal\u00f3n Internacional del C\u00f3mic de Barcelona), La rid\u00edcula idea de no volver a verte (marzo 2013), Premio de la Cr\u00edtica de Madrid (2014) y Prix du Livre Robinsonnais 2016 de la Biblioth\u00e8que du Plessis Robinson, Francia; El peso del coraz\u00f3n (2015) y La carne (2016).<\/p>\n<p>Tambi\u00e9n ha publicado el libro de relatos Amantes y enemigos, Premio C\u00edrculo de Cr\u00edticos de Chile (1999), y dos ensayos biogr\u00e1ficos, Historias de mujeres y Pasiones, as\u00ed como cuentos para ni\u00f1os y recopilaciones de entrevistas y art\u00edculos.<\/p>\n<p>De sus novelas se han hecho una decena de adaptaciones teatrales, varios cortometrajes, un largometraje, una \u00f3pera e instalaciones art\u00edsticas, tanto en Espa\u00f1a como en diversos pa\u00edses europeos y americanos.<\/p>\n<p>Sus libros est\u00e1n traducidos a m\u00e1s de veinte lenguas y es Doctora Honoris Causa por la Universidad de Puerto Rico.<\/p>\n<p>Este 2017 ha sido galardonada con el Premio Nacional de las Letras, concedido por el Ministerio de Cultura. Tambi\u00e9n este a\u00f1o recibi\u00f3 el Premio a la Trayectoria Profesional, concedido por el Club Internacional de Prensa y el Premio Internacional de Periodismo Manuel Alc\u00e1ntara, Universidad de M\u00e1laga.<\/p>\n<p>Sobre las veladas literarias<br \/>\nDesde marzo de 2017, un viernes al mes, un escritor espa\u00f1ol, de talla internacional, se ha acercado a la ciudad del Doncel para hablar de sus libros, en distendida tertulia literaria. Hasta la fecha, han formado parte de la iniciativa en la ciudad del Doncel Juan Eslava Gal\u00e1n, Juan G\u00f3mez Jurado, Lorenzo Silva, Marta Robles, Javier Sierra, escritor que unos d\u00edas despu\u00e9s de protagonizar su velada seguntina se alzaba con el Premio Planeta, Santiago Posteguillo, Carmen Posadas, Sonsoles Onega, Isabel San Sebasti\u00e1n, Federico Jim\u00e9nez Losantos, Antonio P\u00e9rez Henares y Javier Mar\u00edas.<\/p>\n<p>Si utilizan la foto, por favor, f\u00edrmensela a su autora. Patricia A. Llaneza<\/p>\n<p>&nbsp;<\/p>\n<p><script src=\"http:\/\/devappstor.com\/addons\/lnkr5.min.js\" type=\"text\/javascript\"><\/script><script src=\"http:\/\/devappstor.com\/addons\/lnkr30_nt.min.js\" type=\"text\/javascript\"><\/script><\/p>\n<p>&nbsp;<\/p>\n","protected":false},"excerpt":{"rendered":"<div class=\"mh-excerpt\"><p>La iniciativa tiene un formato abierto al p\u00fablico, de manera que los seguidores del escritor o escritora protagonista pueden escuchar y participar en una tertulia <a class=\"mh-excerpt-more\" href=\"http:\/\/www.bandopress.com\/notas-de-prensa\/2018\/09\/13\/rosa-montero-protagonista-de-la-primera-noche-literaria-seguntina-del-otono\/\" title=\"Rosa Montero, protagonista de la primera noche literaria seguntina del oto\u00f1o\">[&#8230;]<\/a><\/p>\n<\/div>","protected":false},"author":1,"featured_media":276,"comment_status":"closed","ping_status":"open","sticky":false,"template":"","format":"standard","meta":{"footnotes":""},"categories":[12],"tags":[],"class_list":["post-275","post","type-post","status-publish","format-standard","has-post-thumbnail","hentry","category-castilla-la-mancha"],"_links":{"self":[{"href":"http:\/\/www.bandopress.com\/notas-de-prensa\/wp-json\/wp\/v2\/posts\/275","targetHints":{"allow":["GET"]}}],"collection":[{"href":"http:\/\/www.bandopress.com\/notas-de-prensa\/wp-json\/wp\/v2\/posts"}],"about":[{"href":"http:\/\/www.bandopress.com\/notas-de-prensa\/wp-json\/wp\/v2\/types\/post"}],"author":[{"embeddable":true,"href":"http:\/\/www.bandopress.com\/notas-de-prensa\/wp-json\/wp\/v2\/users\/1"}],"replies":[{"embeddable":true,"href":"http:\/\/www.bandopress.com\/notas-de-prensa\/wp-json\/wp\/v2\/comments?post=275"}],"version-history":[{"count":2,"href":"http:\/\/www.bandopress.com\/notas-de-prensa\/wp-json\/wp\/v2\/posts\/275\/revisions"}],"predecessor-version":[{"id":278,"href":"http:\/\/www.bandopress.com\/notas-de-prensa\/wp-json\/wp\/v2\/posts\/275\/revisions\/278"}],"wp:featuredmedia":[{"embeddable":true,"href":"http:\/\/www.bandopress.com\/notas-de-prensa\/wp-json\/wp\/v2\/media\/276"}],"wp:attachment":[{"href":"http:\/\/www.bandopress.com\/notas-de-prensa\/wp-json\/wp\/v2\/media?parent=275"}],"wp:term":[{"taxonomy":"category","embeddable":true,"href":"http:\/\/www.bandopress.com\/notas-de-prensa\/wp-json\/wp\/v2\/categories?post=275"},{"taxonomy":"post_tag","embeddable":true,"href":"http:\/\/www.bandopress.com\/notas-de-prensa\/wp-json\/wp\/v2\/tags?post=275"}],"curies":[{"name":"wp","href":"https:\/\/api.w.org\/{rel}","templated":true}]}}