{"id":280,"date":"2018-11-09T16:56:42","date_gmt":"2018-11-09T16:56:42","guid":{"rendered":"http:\/\/www.bandopress.com\/notas-de-prensa\/?p=280"},"modified":"2018-11-09T16:56:42","modified_gmt":"2018-11-09T16:56:42","slug":"manana-sabado-comienza-la-xiii-edicion-de-musiguenza","status":"publish","type":"post","link":"http:\/\/www.bandopress.com\/notas-de-prensa\/2018\/11\/09\/manana-sabado-comienza-la-xiii-edicion-de-musiguenza\/","title":{"rendered":"Ma\u00f1ana s\u00e1bado comienza la XIII Edici\u00f3n de Musig\u00fcenza"},"content":{"rendered":"<p><strong>Este a\u00f1o, la programaci\u00f3n del Festival de M\u00fasica de C\u00e1mara de la ciudad del Doncel abarca tres conciertos, los d\u00edas 10, 17 y 24 de noviembre, todos en El P\u00f3sito, a las 20 horas<\/strong><\/p>\n<p>Ma\u00f1ana s\u00e1bado comienza la XIII edici\u00f3n de Musig\u00fcenza, el festival de M\u00fasica de C\u00e1mara de la Ciudad del Doncel. Este a\u00f1o, la variedad de instrumentos y de repertorios que se van a poder disfrutar en los tres conciertos de que consta satisfar\u00e1 especialmente a los amantes del g\u00e9nero, puesto que cada uno ser\u00e1 muy distinto a los otros dos.<\/p>\n<p>El festival dar\u00e1 comienzo con un concierto de voz y piano, interpretado por la soprano Mar\u00eda de F\u00e9lix y el pianista Miguel Angel Tapia. Juntos, recorrer\u00e1n fragmentos inmortales de \u00f3pera, lieds, as\u00ed como temas conocidos de la zarzuela y de la canci\u00f3n espa\u00f1ola. El concierto servir\u00e1, adem\u00e1s, para poner el broche de oro al Coloquio que sobre la primera fase de la construcci\u00f3n de la Fortis Seguntina se va a llevar a cabo en dos intensas jornadas que comienzan hoy mismo. La cita es en el auditorio de El P\u00f3sito, a partir de las 20 horas. La entrada general cuesta 10 euros y la reducida, 5. Es gratuita para los ni\u00f1os.<\/p>\n<p>El d\u00eda 17 de noviembre, El P\u00f3sito va a conocer una formaci\u00f3n in\u00e9dita en Sig\u00fcenza, de saxof\u00f3n y piano. Los int\u00e9rpretes son dos profesores del Conservatorio de Salamanca, que acercar\u00e1n a la Ciudad del Doncel una formaci\u00f3n in\u00e9dita hasta ahora en el festival, e incluso en la ciudad, en cuesti\u00f3n de m\u00fasica cl\u00e1sica, como es la de saxof\u00f3n y piano. Juntos interpretar\u00e1n una selecci\u00f3n de piezas del siglo XX, para este instrumento de viento madera, como es el saxof\u00f3n, \u00abque, por ser m\u00e1s moderno que el resto de sus hermanos de familia, resulta t\u00e9cnicamente imbatible, tiene muy pocas limitaciones, y por eso, el repertorio nos va a permitir asomarnos a la cl\u00e1sica del siglo XX y a un sonido desconocido hasta ahora en la ciudad\u00bb, explica Bernadetta Raatz, responsable de programaci\u00f3n del ciclo y presidenta de la Asociaci\u00f3n Bell\u00b4Arte Europa que lo organiza. Igualmente la cita es en El P\u00f3sito, el 17 de noviembre a las 20 horas (Entradas 10 y 5 euros).<\/p>\n<p>Por \u00faltimo, el d\u00eda 24 de noviembre llegar\u00e1 el momento de un cuarteto m\u00e1s cl\u00e1sico y m\u00e1s habitual de la m\u00fasica de c\u00e1mara como es el cuarteto de cuerda Leonor (dos violines, viola y violonchelo). Desde su fundaci\u00f3n en 2001 y durante los primeros a\u00f1os de formaci\u00f3n el Cuarteto Leonor recibi\u00f3 el principal apoyo e impulso musical del hist\u00f3rico Cuarteto Melos, con el cual realizaron entre 2002 y 2005 los estudios de postgrado (especialidad de cuarteto de cuerda) en la Musikhochschule Stuttgart (Alemania), perfeccion\u00e1ndose posteriormente con maestros como Rainer Schmidt (Escuela Reina Sof\u00eda de Madrid) e Imre Rohmann, y asistiendo a masterclasses impartidas por miembros de cuartetos como el Artemis, Auryn, Vogler y Enesco.<\/p>\n<p>Actualmente su actividad art\u00edstica abarca una amplia diversidad est\u00e9tica que va desde la interpretaci\u00f3n del repertorio cl\u00e1sico y rom\u00e1ntico hasta el acercamiento al Jazz, la colaboraci\u00f3n con artistas como el core\u00f3grafo costamarfile\u00f1o George Momboye, o una intensa dedicaci\u00f3n e inter\u00e9s por el estreno y difusi\u00f3n del repertorio cuartet\u00edstico espa\u00f1ol gracias al cual el conjunto ha trabajado estrechamente con compositores como Ram\u00f3n Paus, Alejandro Rom\u00e1n y Ant\u00f3n Garc\u00eda Abril. En este caso, en Sig\u00fcenza interpretar\u00e1n tres cl\u00e1sicos de este g\u00e9nero como son el Cuarteto KV 156 en Mo Mayor DE W. A. Mozart; el Cuarteto en Sol menor, op. 10 de de C. Debussy, y el Cuarteto americano en Fa Mayor, op. 96, de A. Dvorak.<\/p>\n<p>El Festival Musig\u00fcenza lo organiza la Asociaci\u00f3n Bell\u00b4Arte Europa, con el patrocinio principal del Ayuntamiento de Sig\u00fcenza y tambi\u00e9n de varias empresas locales.<\/p>\n<p><strong>PROGRAMA CONCIERTO ESTRENO MUSIGUENZA 2018. 10.11.2018<\/strong><br \/>\n20.00h (&#8216;El P\u00f3sito&#8217;, c\/ Peso, Sig\u00fcenza, 19250). Entradas 10\u0080 y 5\u0080<br \/>\nMar\u00eda de F\u00e9lix &#8211; soprano<br \/>\nMiguel \u00c1ngel Tapia &#8211; piano<\/p>\n<p>\u0095 R. Schumann: Widmung<br \/>\n\u0095 Donaudy: Oh del mio amato ben<br \/>\n\u0095 Cilea: Ecco respiro appena. ADRIANA LECOUVREUR<br \/>\n\u0095 Massenet: Pleureux mes yeux. LE CID<br \/>\n\u0095 Gounod: Air des bijoux. FAUSTO<br \/>\n\u0095 Alb\u00e9niz: Sevilla<br \/>\n\u0095 Obradors: Del cabello m\u00e1s sutil<br \/>\n\u0095 E. Granados: El majo discreto<br \/>\n\u0095 J. Serrano: Que te importa que no venga. LOS CLAVELES<br \/>\n\u0095 P. Soroz\u00e1bal: No cort\u00e9 m\u00e1s que una rosa. MANOJO DE ROSAS<br \/>\n\u0095 M. Torroba: Tres horas antes del d\u00eda. La Marchener<\/p>\n","protected":false},"excerpt":{"rendered":"<div class=\"mh-excerpt\"><p>Este a\u00f1o, la programaci\u00f3n del Festival de M\u00fasica de C\u00e1mara de la ciudad del Doncel abarca tres conciertos, los d\u00edas 10, 17 y 24 de <a class=\"mh-excerpt-more\" href=\"http:\/\/www.bandopress.com\/notas-de-prensa\/2018\/11\/09\/manana-sabado-comienza-la-xiii-edicion-de-musiguenza\/\" title=\"Ma\u00f1ana s\u00e1bado comienza la XIII Edici\u00f3n de Musig\u00fcenza\">[&#8230;]<\/a><\/p>\n<\/div>","protected":false},"author":1,"featured_media":281,"comment_status":"closed","ping_status":"open","sticky":false,"template":"","format":"standard","meta":{"footnotes":""},"categories":[12],"tags":[],"class_list":["post-280","post","type-post","status-publish","format-standard","has-post-thumbnail","hentry","category-castilla-la-mancha"],"_links":{"self":[{"href":"http:\/\/www.bandopress.com\/notas-de-prensa\/wp-json\/wp\/v2\/posts\/280","targetHints":{"allow":["GET"]}}],"collection":[{"href":"http:\/\/www.bandopress.com\/notas-de-prensa\/wp-json\/wp\/v2\/posts"}],"about":[{"href":"http:\/\/www.bandopress.com\/notas-de-prensa\/wp-json\/wp\/v2\/types\/post"}],"author":[{"embeddable":true,"href":"http:\/\/www.bandopress.com\/notas-de-prensa\/wp-json\/wp\/v2\/users\/1"}],"replies":[{"embeddable":true,"href":"http:\/\/www.bandopress.com\/notas-de-prensa\/wp-json\/wp\/v2\/comments?post=280"}],"version-history":[{"count":1,"href":"http:\/\/www.bandopress.com\/notas-de-prensa\/wp-json\/wp\/v2\/posts\/280\/revisions"}],"predecessor-version":[{"id":282,"href":"http:\/\/www.bandopress.com\/notas-de-prensa\/wp-json\/wp\/v2\/posts\/280\/revisions\/282"}],"wp:featuredmedia":[{"embeddable":true,"href":"http:\/\/www.bandopress.com\/notas-de-prensa\/wp-json\/wp\/v2\/media\/281"}],"wp:attachment":[{"href":"http:\/\/www.bandopress.com\/notas-de-prensa\/wp-json\/wp\/v2\/media?parent=280"}],"wp:term":[{"taxonomy":"category","embeddable":true,"href":"http:\/\/www.bandopress.com\/notas-de-prensa\/wp-json\/wp\/v2\/categories?post=280"},{"taxonomy":"post_tag","embeddable":true,"href":"http:\/\/www.bandopress.com\/notas-de-prensa\/wp-json\/wp\/v2\/tags?post=280"}],"curies":[{"name":"wp","href":"https:\/\/api.w.org\/{rel}","templated":true}]}}