{"id":283,"date":"2018-11-12T18:04:56","date_gmt":"2018-11-12T18:04:56","guid":{"rendered":"http:\/\/www.bandopress.com\/notas-de-prensa\/?p=283"},"modified":"2018-11-12T18:04:56","modified_gmt":"2018-11-12T18:04:56","slug":"los-ninos-de-siguenza-elaboran-en-estos-dias-la-vacuna-por-el-buen-trato","status":"publish","type":"post","link":"http:\/\/www.bandopress.com\/notas-de-prensa\/2018\/11\/12\/los-ninos-de-siguenza-elaboran-en-estos-dias-la-vacuna-por-el-buen-trato\/","title":{"rendered":"Los ni\u00f1os de Sig\u00fcenza elaboran en estos d\u00edas la &#8216;Vacuna por el Buen Trato&#8217;"},"content":{"rendered":"<p><strong>Como actividad central de la celebraci\u00f3n en la Ciudad del Doncel del D\u00eda Universal del Ni\u00f1o, con la que luego participar\u00e1n en el IV Foro Provincial de Participaci\u00f3n Infantil<\/strong><\/p>\n<p>Sig\u00fcenza va a celebrar el D\u00eda Universal del Ni\u00f1o, el pr\u00f3ximo 20 de noviembre, con varias propuestas. La principal es el Pleno Infantil que tendr\u00e1 lugar precisamente ese d\u00eda. Para dotarlo de contenido, y adem\u00e1s las propuestas que elevan en \u00e9l los ni\u00f1os y j\u00f3venes de la ciudad, a lo largo de esta semana, se han organizado varios talleres que tienen el prop\u00f3sito de dar con la &#8216;Vacuna del Buen Trato&#8217; en la ciudad.<\/p>\n<p>La comunidad educativa seguntina se va a encargar de elaborar esta vacuna de paz y buen trato \u0093con el objetivo de proteger nuestro entorno de la violencia\u0094, explica Sonsoles Arcones, concejala de Educaci\u00f3n. \u0093Esta es una vacuna que no se toma ni se pincha, se piensa y se incorpora a nuestro comportamiento\u0094, a\u00f1ade Eugenia Pall\u00e1n, animadora sociocultural de la ciudad y responsable del proyecto de Ciudades Amigas de la Infancia.<\/p>\n<p>El primer paso para crear la vacuna es detectar el virus de la violencia. Cada uno de los cuatro colegios de la ciudad tiene que identificar el virus m\u00e1s agresivo elaborando un objeto-virus, poni\u00e9ndole un nombre y creando una vacuna, capaz de neutralizarlo y destruirlo. Todas estas vacunas ser\u00e1n presentadas por sus descubridores en el Pleno Infantil que tendr\u00e1 lugar el d\u00eda 20 de noviembre, a las 12:30 horas de la ma\u00f1ana, ante las autoridades municipales en el sal\u00f3n de Plenos del Ayuntamiento.<\/p>\n<p>La labor de los ni\u00f1os y adolescentes pertenecientes al Consejo de la Infancia y Adolescencia ser\u00e1 la de crear una &#8216;Vacuna Triple&#8217; que combata todos los tipos de violencia identificados y resuma el trabajo de sus compa\u00f1eros. Esta &#8216;Vacuna Triple&#8217; se presentar\u00e1 en el Foro Provincial por la Participaci\u00f3n Infantil y Adolescente que organiza la Diputaci\u00f3n en Guadalajara el d\u00eda 30 de noviembre.<\/p>\n<p>Todo este trabajo \u0093m\u00e9dico\u0094 se va a coordinar en varios talleres, a celebrar los d\u00edas 7 \u0096ya pasado-, 13 y 15 de noviembre de 17:00h a 19:00h en el Centro Cultural El Torre\u00f3n. En ellos se elaborar\u00e1 tambi\u00e9n el manifiesto que se leer\u00e1 en el Pleno Infantil.<\/p>\n<p>Adem\u00e1s, del Pleno Infantil, el 21 de noviembre tendr\u00e1 lugar un espect\u00e1culo musical infantil que lleva por t\u00edtulo &#8216;Las aventuras de Sam&#8217;, que correr\u00e1 a cargo del grupo Doctor Sapo. Ser\u00e1 en El P\u00f3sito, a las 10:30 horas para los cursos de 1\u00ba a 4\u00ba de Primaria, y a las 12:00 horas para los cursos de 5\u00ba y 6\u00ba de primaria y 1\u00ba y 2\u00ba de la ESO. Por \u00faltimo, el 30 de noviembre, de 17 a 19:15 horas, Sig\u00fcenza participar\u00e1 en el IV Foro Provincial de Participaci\u00f3n Infantil impulsado por la Diputaci\u00f3n de Guadalajara.<\/p>\n<p>M\u00e1s informaci\u00f3n:<br \/>\nAyuntamiento de Sig\u00fcenza. Prensa. 949 390 850<br \/>\nGabinete de Prensa Javier Bravo. 606 411 053<\/p>\n","protected":false},"excerpt":{"rendered":"<div class=\"mh-excerpt\"><p>Como actividad central de la celebraci\u00f3n en la Ciudad del Doncel del D\u00eda Universal del Ni\u00f1o, con la que luego participar\u00e1n en el IV Foro <a class=\"mh-excerpt-more\" href=\"http:\/\/www.bandopress.com\/notas-de-prensa\/2018\/11\/12\/los-ninos-de-siguenza-elaboran-en-estos-dias-la-vacuna-por-el-buen-trato\/\" title=\"Los ni\u00f1os de Sig\u00fcenza elaboran en estos d\u00edas la &#8216;Vacuna por el Buen Trato&#8217;\">[&#8230;]<\/a><\/p>\n<\/div>","protected":false},"author":1,"featured_media":284,"comment_status":"closed","ping_status":"open","sticky":false,"template":"","format":"standard","meta":{"footnotes":""},"categories":[12],"tags":[],"class_list":["post-283","post","type-post","status-publish","format-standard","has-post-thumbnail","hentry","category-castilla-la-mancha"],"_links":{"self":[{"href":"http:\/\/www.bandopress.com\/notas-de-prensa\/wp-json\/wp\/v2\/posts\/283","targetHints":{"allow":["GET"]}}],"collection":[{"href":"http:\/\/www.bandopress.com\/notas-de-prensa\/wp-json\/wp\/v2\/posts"}],"about":[{"href":"http:\/\/www.bandopress.com\/notas-de-prensa\/wp-json\/wp\/v2\/types\/post"}],"author":[{"embeddable":true,"href":"http:\/\/www.bandopress.com\/notas-de-prensa\/wp-json\/wp\/v2\/users\/1"}],"replies":[{"embeddable":true,"href":"http:\/\/www.bandopress.com\/notas-de-prensa\/wp-json\/wp\/v2\/comments?post=283"}],"version-history":[{"count":1,"href":"http:\/\/www.bandopress.com\/notas-de-prensa\/wp-json\/wp\/v2\/posts\/283\/revisions"}],"predecessor-version":[{"id":285,"href":"http:\/\/www.bandopress.com\/notas-de-prensa\/wp-json\/wp\/v2\/posts\/283\/revisions\/285"}],"wp:featuredmedia":[{"embeddable":true,"href":"http:\/\/www.bandopress.com\/notas-de-prensa\/wp-json\/wp\/v2\/media\/284"}],"wp:attachment":[{"href":"http:\/\/www.bandopress.com\/notas-de-prensa\/wp-json\/wp\/v2\/media?parent=283"}],"wp:term":[{"taxonomy":"category","embeddable":true,"href":"http:\/\/www.bandopress.com\/notas-de-prensa\/wp-json\/wp\/v2\/categories?post=283"},{"taxonomy":"post_tag","embeddable":true,"href":"http:\/\/www.bandopress.com\/notas-de-prensa\/wp-json\/wp\/v2\/tags?post=283"}],"curies":[{"name":"wp","href":"https:\/\/api.w.org\/{rel}","templated":true}]}}