{"id":286,"date":"2018-11-12T18:06:18","date_gmt":"2018-11-12T18:06:18","guid":{"rendered":"http:\/\/www.bandopress.com\/notas-de-prensa\/?p=286"},"modified":"2018-11-12T18:06:18","modified_gmt":"2018-11-12T18:06:18","slug":"la-villa-de-ayllon-participa-en-la-campana-envuelve-de-luz-tu-pueblo","status":"publish","type":"post","link":"http:\/\/www.bandopress.com\/notas-de-prensa\/2018\/11\/12\/la-villa-de-ayllon-participa-en-la-campana-envuelve-de-luz-tu-pueblo\/","title":{"rendered":"La Villa de Ayll\u00f3n participa en la campa\u00f1a &#8216;Envuelve de luz tu pueblo&#8217;"},"content":{"rendered":"<p><strong>La Villa segoviana m\u00e1s al oeste de la provincia, est\u00e1 seleccionada como candidata al concurso organizado por \u00abFERRERO ROCHER\u00bb para ser iluminado esta navidad<\/strong><\/p>\n<p>Desde hace cinco a\u00f1os, la empresa Ferrero Rocher tiene una campa\u00f1a navide\u00f1a denominada &#8216;Envuelve de luz tu pueblo&#8217; en la que su objetivo es encontrar el pueblo m\u00e1s interesante para apostar por \u00e9l y de este modo iluminarlo en la navidad. En este punto, no s\u00f3lo buscan la belleza arquitect\u00f3nica del lugar a iluminar, sino que tambi\u00e9n buscan el valor humano de este pueblo.<\/p>\n<p>Este a\u00f1o 2018 la Villa de Ayll\u00f3n en el extremo Nordeste de la provincia de Segovia, ha sido seleccionada con tal fin, ya que han encontrado en la localidad todos los componentes necesarios para ser la elegida en dicho concurso. Los apoyos para la campa\u00f1a tienen que ser a trav\u00e9s de la p\u00e1gina web de la empresa www.ferrerorocher.com, buscando en el apartado &#8216;Envuelve de luz tu pueblo&#8217; la Villa de Ayll\u00f3n.<\/p>\n<p>La Villa, que se siente muy orgullosa de estar entre los pueblos elegidos, intentar\u00e1 mostrar a todos los espa\u00f1oles que es el pueblo m\u00e1s apropiado para ser el representante de &#8216;FERRERO ROCHER&#8217; en dicha campa\u00f1a. Demostrando su potencia cultural, asociativa y humana.<\/p>\n<p>La localidad compite con pueblos de distintas provincias espa\u00f1olas tan dispersas como Comillas en Cantabria o Medina Sidonia en C\u00e1diz a los que hay que a\u00f1adir Olite Erriberri en Navarra, Villanueva de los Infantes en Ciudad Real y otro pueblo Castellano Leon\u00e9s de Puebla de Sanabria en Zamora.<\/p>\n<p>La campa\u00f1a que lleva funcionando desde hace cuatro a\u00f1os, quiere celebrar su quinto aniversario con la misma ilusi\u00f3n que el primer d\u00eda, buscando el alma y el brillo de los pueblos y enriqueciendo de este modo el medio rural.<\/p>\n<p>La despoblaci\u00f3n de las zonas rurales es una evidencia que est\u00e1 comenzando a calar en la sociedad y en las administraciones y la campa\u00f1a dinamizada por &#8216;FERRERO ROCHER&#8217; es otro ejemplo claro de apoyo y dinamizaci\u00f3n del medio rural.<\/p>\n","protected":false},"excerpt":{"rendered":"<div class=\"mh-excerpt\"><p>La Villa segoviana m\u00e1s al oeste de la provincia, est\u00e1 seleccionada como candidata al concurso organizado por \u00abFERRERO ROCHER\u00bb para ser iluminado esta navidad Desde <a class=\"mh-excerpt-more\" href=\"http:\/\/www.bandopress.com\/notas-de-prensa\/2018\/11\/12\/la-villa-de-ayllon-participa-en-la-campana-envuelve-de-luz-tu-pueblo\/\" title=\"La Villa de Ayll\u00f3n participa en la campa\u00f1a &#8216;Envuelve de luz tu pueblo&#8217;\">[&#8230;]<\/a><\/p>\n<\/div>","protected":false},"author":1,"featured_media":287,"comment_status":"closed","ping_status":"open","sticky":false,"template":"","format":"standard","meta":{"footnotes":""},"categories":[6],"tags":[],"class_list":["post-286","post","type-post","status-publish","format-standard","has-post-thumbnail","hentry","category-segovia"],"_links":{"self":[{"href":"http:\/\/www.bandopress.com\/notas-de-prensa\/wp-json\/wp\/v2\/posts\/286","targetHints":{"allow":["GET"]}}],"collection":[{"href":"http:\/\/www.bandopress.com\/notas-de-prensa\/wp-json\/wp\/v2\/posts"}],"about":[{"href":"http:\/\/www.bandopress.com\/notas-de-prensa\/wp-json\/wp\/v2\/types\/post"}],"author":[{"embeddable":true,"href":"http:\/\/www.bandopress.com\/notas-de-prensa\/wp-json\/wp\/v2\/users\/1"}],"replies":[{"embeddable":true,"href":"http:\/\/www.bandopress.com\/notas-de-prensa\/wp-json\/wp\/v2\/comments?post=286"}],"version-history":[{"count":1,"href":"http:\/\/www.bandopress.com\/notas-de-prensa\/wp-json\/wp\/v2\/posts\/286\/revisions"}],"predecessor-version":[{"id":288,"href":"http:\/\/www.bandopress.com\/notas-de-prensa\/wp-json\/wp\/v2\/posts\/286\/revisions\/288"}],"wp:featuredmedia":[{"embeddable":true,"href":"http:\/\/www.bandopress.com\/notas-de-prensa\/wp-json\/wp\/v2\/media\/287"}],"wp:attachment":[{"href":"http:\/\/www.bandopress.com\/notas-de-prensa\/wp-json\/wp\/v2\/media?parent=286"}],"wp:term":[{"taxonomy":"category","embeddable":true,"href":"http:\/\/www.bandopress.com\/notas-de-prensa\/wp-json\/wp\/v2\/categories?post=286"},{"taxonomy":"post_tag","embeddable":true,"href":"http:\/\/www.bandopress.com\/notas-de-prensa\/wp-json\/wp\/v2\/tags?post=286"}],"curies":[{"name":"wp","href":"https:\/\/api.w.org\/{rel}","templated":true}]}}