{"id":60,"date":"2017-04-10T15:22:25","date_gmt":"2017-04-10T15:22:25","guid":{"rendered":"http:\/\/www.bandopress.com\/notas-de-prensa\/?p=60"},"modified":"2017-04-10T15:22:25","modified_gmt":"2017-04-10T15:22:25","slug":"termina-con-enorme-exito-la-vi-edicion-de-la-feria-del-esparrago-y-la-tagarnina-de-alconchel","status":"publish","type":"post","link":"http:\/\/www.bandopress.com\/notas-de-prensa\/2017\/04\/10\/termina-con-enorme-exito-la-vi-edicion-de-la-feria-del-esparrago-y-la-tagarnina-de-alconchel\/","title":{"rendered":"Termina con enorme \u00e9xito la VI Edici\u00f3n de la Feria del Esp\u00e1rrago y la Tagarnina de Alconchel"},"content":{"rendered":"<h2>Seg\u00fan los informes de la polic\u00eda local, alrededor de 5.800 personas pasaron por Alconchel el pasado s\u00e1bado y domingo<\/h2>\n<p>La localidad pacense de Alconchel ha terminado con \u00e9xito de participaci\u00f3n la VI edici\u00f3n de la Feria del Esp\u00e1rrago y la Tagarnina, un evento consolidado ya entre las grandes citas gastron\u00f3micas de la regi\u00f3n y con la que se muestran los productos silvestres que abundan en su t\u00e9rmino municipal para: primero, se tomen en consideraci\u00f3n como producto al que se pueden sacar muchos beneficios, y segundo, que se traten estos productos como medio de desarrollo econ\u00f3mico mediante su transformaci\u00f3n y\/o su comercializaci\u00f3n.<\/p>\n<p>La inauguraci\u00f3n fue a cargo de la Consejera Portavoz de la Junta de Extremadura, Isabel Gil Rosi\u00f1a el pasado s\u00e1bado para luego irse desarrollando las diferentes propuestas como la <strong>experiencia en directo de un gran elenco de cocineros extreme\u00f1os<\/strong>: con <strong>Manuel\u00a0Gil <\/strong>a la cabeza, adem\u00e1s de Tomas Carbonero, Alberto Cumplido y el afincado en Madrid Manuel Ruiz y otros cocineros invitados. El p\u00fablico en general no solo aprendi\u00f3 a cocinar las recetas que all\u00ed se les repartieron impresas sino que tambi\u00e9n pudo degustar in situ lo que se estaba preparando en vivo.<\/p>\n<p>Otra propuesta con gran aceptaci\u00f3n fue el maridaje, <strong>en directo tambi\u00e9n, <\/strong>de los platos o tapas a base de esp\u00e1rragos o tagarninas y el vino o la cerveza novedad este a\u00f1o. Para el vino se ha contado con la mejor en\u00f3loga de Extremadura, la Doctora Julia Mar\u00edn Exp\u00f3sito, presidenta de la asociaci\u00f3n de en\u00f3logos de la regi\u00f3n utilizando caldos de las Bodegas almendralejenses &#8216;Martinez Payva&#8217; y la de Usagre &#8216;La Pelina&#8217; y para la cerveza con la aportaci\u00f3n de los cerveceros de Ballut, la cerveza artesana y natural de Badajoz.<\/p>\n<p>No faltaron otras actividades como los Concursos de cocina con la presentaci\u00f3n de 14 platos diferentes y el infantiles &#8216;Chef junior&#8217; con 9 chicos y chicas que deleitaron al p\u00fablico preparando sus platos al instante. Los diferentes locales de la localidad han prestado un buen servicio durante la feria adem\u00e1s de sus tapas en la II Ruta de la Tapa del Esp\u00e1rrago y la Tagarnina, resultando ganador este a\u00f1o el Restaurante Bar Poli con sus empanadillas de tagarninas con beicon y queso.<\/p>\n<p>Unas 500 personas participaron en la degustaci\u00f3n masiva de garbanzos con tagarnina y vinos de pitarra de Alconchel.<\/p>\n<p>El Ayuntamiento piensa ya en la s\u00e9ptima edici\u00f3n, pero antes, seg\u00fan indic\u00f3 el alcalde \u00d3scar D\u00edaz, espera poder organizar unas jornadas tecnicas este oto\u00f1o para tratar el tema de ambos productos, tanto su recolecci\u00f3n como su transformaci\u00f3n y posterior comercializaci\u00f3n. El alcade indic\u00f3 que \u00aben una fiesta con una inversi\u00f3n que no alcanza los 3000 euros de presupuesto hemos podido generar unos beneficios que se multiplica por miles para una localidad peque\u00f1a como la nuestra\u00bb.<\/p>\n","protected":false},"excerpt":{"rendered":"<div class=\"mh-excerpt\"><p>Seg\u00fan los informes de la polic\u00eda local, alrededor de 5.800 personas pasaron por Alconchel el pasado s\u00e1bado y domingo La localidad pacense de Alconchel ha <a class=\"mh-excerpt-more\" href=\"http:\/\/www.bandopress.com\/notas-de-prensa\/2017\/04\/10\/termina-con-enorme-exito-la-vi-edicion-de-la-feria-del-esparrago-y-la-tagarnina-de-alconchel\/\" title=\"Termina con enorme \u00e9xito la VI Edici\u00f3n de la Feria del Esp\u00e1rrago y la Tagarnina de Alconchel\">[&#8230;]<\/a><\/p>\n<\/div>","protected":false},"author":1,"featured_media":61,"comment_status":"closed","ping_status":"open","sticky":false,"template":"","format":"standard","meta":{"footnotes":""},"categories":[1],"tags":[],"class_list":["post-60","post","type-post","status-publish","format-standard","has-post-thumbnail","hentry","category-uncategorized"],"_links":{"self":[{"href":"http:\/\/www.bandopress.com\/notas-de-prensa\/wp-json\/wp\/v2\/posts\/60","targetHints":{"allow":["GET"]}}],"collection":[{"href":"http:\/\/www.bandopress.com\/notas-de-prensa\/wp-json\/wp\/v2\/posts"}],"about":[{"href":"http:\/\/www.bandopress.com\/notas-de-prensa\/wp-json\/wp\/v2\/types\/post"}],"author":[{"embeddable":true,"href":"http:\/\/www.bandopress.com\/notas-de-prensa\/wp-json\/wp\/v2\/users\/1"}],"replies":[{"embeddable":true,"href":"http:\/\/www.bandopress.com\/notas-de-prensa\/wp-json\/wp\/v2\/comments?post=60"}],"version-history":[{"count":1,"href":"http:\/\/www.bandopress.com\/notas-de-prensa\/wp-json\/wp\/v2\/posts\/60\/revisions"}],"predecessor-version":[{"id":62,"href":"http:\/\/www.bandopress.com\/notas-de-prensa\/wp-json\/wp\/v2\/posts\/60\/revisions\/62"}],"wp:featuredmedia":[{"embeddable":true,"href":"http:\/\/www.bandopress.com\/notas-de-prensa\/wp-json\/wp\/v2\/media\/61"}],"wp:attachment":[{"href":"http:\/\/www.bandopress.com\/notas-de-prensa\/wp-json\/wp\/v2\/media?parent=60"}],"wp:term":[{"taxonomy":"category","embeddable":true,"href":"http:\/\/www.bandopress.com\/notas-de-prensa\/wp-json\/wp\/v2\/categories?post=60"},{"taxonomy":"post_tag","embeddable":true,"href":"http:\/\/www.bandopress.com\/notas-de-prensa\/wp-json\/wp\/v2\/tags?post=60"}],"curies":[{"name":"wp","href":"https:\/\/api.w.org\/{rel}","templated":true}]}}