{"id":66,"date":"2017-04-10T15:24:54","date_gmt":"2017-04-10T15:24:54","guid":{"rendered":"http:\/\/www.bandopress.com\/notas-de-prensa\/?p=66"},"modified":"2017-04-10T15:24:54","modified_gmt":"2017-04-10T15:24:54","slug":"via-verde-de-la-jara-prueba-deportiva-caldejara-2017-el-proximo-sabado-29-de-abril","status":"publish","type":"post","link":"http:\/\/www.bandopress.com\/notas-de-prensa\/2017\/04\/10\/via-verde-de-la-jara-prueba-deportiva-caldejara-2017-el-proximo-sabado-29-de-abril\/","title":{"rendered":"V\u00eda Verde de la Jara: prueba deportiva Caldejara 2017 el pr\u00f3ximo s\u00e1bado 29 de abril"},"content":{"rendered":"<h2>Caldejara 2017 es una prueba deportiva que discurre por la incomparable V\u00eda Verde de la Jara. La salida tendr\u00e1 lugar en Calera y Chozas y la meta se situar\u00e1 en Aldeanueva de Barbarroya. Las diferentes disciplinas son: marcha, media marat\u00f3n y MTB<\/h2>\n<p>El Ayuntamiento de Aldeanueva de Barbarroya, junto con el de Calera y Chozas,\u00a0convocan un nuevo a\u00f1o en la V\u00eda Verde de la Jara para que todo el mundo participe en\u00a0la prueba,\u00a0que se celebrar\u00e1 el s\u00e1bado 29 de abril.<\/p>\n<p>Los ayuntamientos organizadores sufragan el 50% de la inscripci\u00f3n, por lo que el precio, de tan s\u00f3lo 5,00 euros?, dar\u00e1 derecho a transporte, camiseta t\u00e9cnica, dorsal, avituallamiento y un ticket para la paella que se servir\u00e1 a las 14:00 h. en la Plaza de Espa\u00f1a de Aldeanueva de Barbarroya-<\/p>\n<p>Adem\u00e1s, tambi\u00e9n para los m\u00e1s peque\u00f1os, se celebrar\u00e1 la\u00a0Fiesta de Hinchables en la Plaza de la Constituci\u00f3n.<\/p>\n<p>Los datos del evento son lo siguientes:<br \/>\n<strong>Salida<\/strong>: Estaci\u00f3n Tren de Calera y Chozas<br \/>\n<strong>Meta<\/strong>: Calle Eras Altas, 12, junto a la iglesia- Aldeanueva de Barbarroya<\/p>\n<p><strong>Disciplinas Caldejara 2017<\/strong><br \/>\n<strong>&#8211; MTB &#8211; Ruta larga<\/strong><br \/>\nDistancia: 65,00 km.<br \/>\nSalida: 10:00h.<br \/>\nAptitud: Mayores de 16 a\u00f1os.<br \/>\n<strong>&#8211; MTB &#8211; Ruta corta<\/strong><br \/>\nDistancia: 18,50 km.<br \/>\nSalida: 10:10 h.<br \/>\n<strong>&#8211; Media Marat\u00f3n<\/strong><br \/>\nDistancia: 21,00 km.<br \/>\nCar\u00e1cter: Competitiva.<br \/>\nSalida: 10:30 h.<br \/>\nLos chips se recoger\u00e1n en la salida de la prueba.<br \/>\n<strong>&#8211; Marcha<\/strong><br \/>\nDistancia: 18,50 km.<br \/>\nSalida: 11:00 h.<\/p>\n<p><strong>Inscripciones<\/strong><br \/>\nLas inscripciones se podr\u00e1n realizar hasta el domingo 23 de abril a las 23:59 h en <a href=\"http:\/\/www.aldeanuevadebarbarroya.org\/index.php\/municipio\/caldejara-2017-haz-tu-inscripcion\" rel=\"nofollow\">http:\/\/www.aldeanuevadebarbarroya.org\/index.php\/municipio\/caldejara-2017-haz-tu-inscripcion<\/a><\/p>\n<p><strong>Horario de autobuses y cami\u00f3n para el transporte de bicicletas:<\/strong><\/p>\n<ul>\n<li>De Aldeanueva de Barbarroya, en la marquesina del autob\u00fas a Calera y Chozas, estaci\u00f3n de Tren.<\/li>\n<li>08:00 h. Autob\u00fas y cami\u00f3n de transporte. \u00danica salida. Para cargar las bicicletas, llegar con la suficiente antelaci\u00f3n.<\/li>\n<li>Regreso por la tarde: La salida del cami\u00f3n y del autob\u00fas ser\u00e1 a las 17:00 horas.<\/li>\n<li>Dorsales y bolsa del corredor:\u00a0En Calera y Chozas, salida de la prueba, desde las 8:30 horas.<\/li>\n<li>Tickets de comida:\u00a0Todas aquellas personas que no participen en la prueba pero quieran comer ese d\u00eda la paella en meta podr\u00e1n hacerlo.<\/li>\n<\/ul>\n<p><strong>Contacto<\/strong>:\u00a0Para cualquier duda se puede contactar con este Ayuntamiento a trav\u00e9s del correo electr\u00f3nico aldebarba@gmail.com \u00f3 en el tel\u00e9fono 925-706074; y con Evedeport (Aar\u00f3n de la Cuadra) a trav\u00e9s del correo evedeport@yahoo.es o en el tel\u00e9fono 925-847218.<\/p>\n<p><a href=\"http:\/\/www.aldeanuevadebarbarroya.org\/\" rel=\"nofollow\">www.aldeanuevadebarbarroya.org<\/a><\/p>\n","protected":false},"excerpt":{"rendered":"<div class=\"mh-excerpt\"><p>Caldejara 2017 es una prueba deportiva que discurre por la incomparable V\u00eda Verde de la Jara. La salida tendr\u00e1 lugar en Calera y Chozas y <a class=\"mh-excerpt-more\" href=\"http:\/\/www.bandopress.com\/notas-de-prensa\/2017\/04\/10\/via-verde-de-la-jara-prueba-deportiva-caldejara-2017-el-proximo-sabado-29-de-abril\/\" title=\"V\u00eda Verde de la Jara: prueba deportiva Caldejara 2017 el pr\u00f3ximo s\u00e1bado 29 de abril\">[&#8230;]<\/a><\/p>\n<\/div>","protected":false},"author":1,"featured_media":67,"comment_status":"closed","ping_status":"open","sticky":false,"template":"","format":"standard","meta":{"footnotes":""},"categories":[1],"tags":[],"class_list":["post-66","post","type-post","status-publish","format-standard","has-post-thumbnail","hentry","category-uncategorized"],"_links":{"self":[{"href":"http:\/\/www.bandopress.com\/notas-de-prensa\/wp-json\/wp\/v2\/posts\/66","targetHints":{"allow":["GET"]}}],"collection":[{"href":"http:\/\/www.bandopress.com\/notas-de-prensa\/wp-json\/wp\/v2\/posts"}],"about":[{"href":"http:\/\/www.bandopress.com\/notas-de-prensa\/wp-json\/wp\/v2\/types\/post"}],"author":[{"embeddable":true,"href":"http:\/\/www.bandopress.com\/notas-de-prensa\/wp-json\/wp\/v2\/users\/1"}],"replies":[{"embeddable":true,"href":"http:\/\/www.bandopress.com\/notas-de-prensa\/wp-json\/wp\/v2\/comments?post=66"}],"version-history":[{"count":1,"href":"http:\/\/www.bandopress.com\/notas-de-prensa\/wp-json\/wp\/v2\/posts\/66\/revisions"}],"predecessor-version":[{"id":68,"href":"http:\/\/www.bandopress.com\/notas-de-prensa\/wp-json\/wp\/v2\/posts\/66\/revisions\/68"}],"wp:featuredmedia":[{"embeddable":true,"href":"http:\/\/www.bandopress.com\/notas-de-prensa\/wp-json\/wp\/v2\/media\/67"}],"wp:attachment":[{"href":"http:\/\/www.bandopress.com\/notas-de-prensa\/wp-json\/wp\/v2\/media?parent=66"}],"wp:term":[{"taxonomy":"category","embeddable":true,"href":"http:\/\/www.bandopress.com\/notas-de-prensa\/wp-json\/wp\/v2\/categories?post=66"},{"taxonomy":"post_tag","embeddable":true,"href":"http:\/\/www.bandopress.com\/notas-de-prensa\/wp-json\/wp\/v2\/tags?post=66"}],"curies":[{"name":"wp","href":"https:\/\/api.w.org\/{rel}","templated":true}]}}